{"id":10174,"date":"2024-06-19T17:57:10","date_gmt":"2024-06-19T16:57:10","guid":{"rendered":"https:\/\/esperanto.berlin\/?p=10174"},"modified":"2024-06-19T17:59:44","modified_gmt":"2024-06-19T16:59:44","slug":"lunde-ce-viktoriaparko-julio-2024-europa-esperanto-kongreso-2024-en-strasburgo-retrorigardo","status":"publish","type":"post","link":"https:\/\/esperanto.berlin\/de\/lunde-ce-viktoriaparko-julio-2024-europa-esperanto-kongreso-2024-en-strasburgo-retrorigardo\/","title":{"rendered":"Montags am Viktoriapark \u2013 Juli 2024 \u2013 Europ\u00e4ischer Esperanto-Kongress in Stra\u00dfburg \u2013 R\u00fcckblick"},"content":{"rendered":"<p><img loading=\"lazy\" decoding=\"async\" class=\"alignnone wp-image-7417\" src=\"https:\/\/esperanto.berlin\/wp-content\/uploads\/2019\/09\/Esperanto-Laden-Katzbachstr-25-k.jpg\" alt=\"\" width=\"211\" height=\"304\" \/><img loading=\"lazy\" decoding=\"async\" class=\"alignnone wp-image-7416\" src=\"https:\/\/esperanto.berlin\/wp-content\/uploads\/2019\/09\/Viktoriapark-2017-k.jpg\" alt=\"\" width=\"390\" height=\"306\" \/><\/p>\n<p>Esperanto-Kulturabend im <a href=\"https:\/\/www.esperanto.de\/de\/enhavo\/der-esperanto-laden-berlin\">Esperanto-Laden<\/a>, Katzbachstra\u00dfe 25 (Kreuzberg), Beitr\u00e4ge und Gespr\u00e4ch in Esperanto \u2013 F\u00fcr G\u00e4ste wird res\u00fcmiert bzw. \u00fcbersetzt.<\/p>\n<p>Verkehrsverbindungen: U6, Buslinie 248 \u2013 Platz der Luftbr\u00fccke, Buslinien M43 und 140 \u2013 Dudenstra\u00dfe\/Katzbachstra\u00dfe<\/p>\n<h2 id=\"-dezember-2019-1930-uhr\"><strong>1. <\/strong><strong>Juli 2024, <\/strong><strong>19.30 Uhr<\/strong><\/h2>\n<p>\u201eDer Europ\u00e4ische Esperanto-Kongress in Stra\u00dfburg 2024 \u2013 R\u00fcckblick\u201c<\/p>\n<p>Vom 8. bis 12. Mai 2024 fand der Europ\u00e4ische Esperanto-Kongress in <a href=\"https:\/\/de.wikipedia.org\/wiki\/Stra%C3%9Fburg\">Stra\u00dfburg<\/a>, statt. Wir blicken gemeinsam mit einer Teilnehmerin zu\u00fcck auf diesen Kongress<\/p>\n<p>Zum Treffen: <a href=\"https:\/\/esperanto.berlin\/de\/viktoriapark\/\">Montags am Viktoriapark<\/a><\/p>","protected":false},"excerpt":{"rendered":"<p>Esperanto-Kulturabend im Esperanto-Laden, Katzbachstra\u00dfe 25 (Kreuzberg), Beitr\u00e4ge und Gespr\u00e4ch in Esperanto \u2013 F\u00fcr G\u00e4ste wird res\u00fcmiert bzw. \u00fcbersetzt. Verkehrsverbindungen: U6, Buslinie 248 \u2013 Platz der Luftbr\u00fccke, Buslinien M43 und 140 \u2013 Dudenstra\u00dfe\/Katzbachstra\u00dfe 1. Juli 2024, 19.30 Uhr \u201eDer Europ\u00e4ische Esperanto-Kongress &hellip; <a href=\"https:\/\/esperanto.berlin\/de\/lunde-ce-viktoriaparko-julio-2024-europa-esperanto-kongreso-2024-en-strasburgo-retrorigardo\/\">Weiterlesen <span class=\"meta-nav\">&rarr;<\/span><\/a><\/p>\n","protected":false},"author":3,"featured_media":0,"comment_status":"closed","ping_status":"closed","sticky":false,"template":"","format":"standard","meta":{"footnotes":""},"categories":[411,1],"tags":[541,542],"jetpack_featured_media_url":"","jetpack_shortlink":"https:\/\/wp.me\/par8jA-2E6","_links":{"self":[{"href":"https:\/\/esperanto.berlin\/de\/wp-json\/wp\/v2\/posts\/10174"}],"collection":[{"href":"https:\/\/esperanto.berlin\/de\/wp-json\/wp\/v2\/posts"}],"about":[{"href":"https:\/\/esperanto.berlin\/de\/wp-json\/wp\/v2\/types\/post"}],"author":[{"embeddable":true,"href":"https:\/\/esperanto.berlin\/de\/wp-json\/wp\/v2\/users\/3"}],"replies":[{"embeddable":true,"href":"https:\/\/esperanto.berlin\/de\/wp-json\/wp\/v2\/comments?post=10174"}],"version-history":[{"count":1,"href":"https:\/\/esperanto.berlin\/de\/wp-json\/wp\/v2\/posts\/10174\/revisions"}],"predecessor-version":[{"id":10175,"href":"https:\/\/esperanto.berlin\/de\/wp-json\/wp\/v2\/posts\/10174\/revisions\/10175"}],"wp:attachment":[{"href":"https:\/\/esperanto.berlin\/de\/wp-json\/wp\/v2\/media?parent=10174"}],"wp:term":[{"taxonomy":"category","embeddable":true,"href":"https:\/\/esperanto.berlin\/de\/wp-json\/wp\/v2\/categories?post=10174"},{"taxonomy":"post_tag","embeddable":true,"href":"https:\/\/esperanto.berlin\/de\/wp-json\/wp\/v2\/tags?post=10174"}],"curies":[{"name":"wp","href":"https:\/\/api.w.org\/{rel}","templated":true}]}}