{"id":10367,"date":"2026-02-22T09:53:07","date_gmt":"2026-02-22T08:53:07","guid":{"rendered":"https:\/\/esperanto.berlin\/?p=10367"},"modified":"2026-02-22T09:53:07","modified_gmt":"2026-02-22T08:53:07","slug":"lunde-ce-viktoriaparko-marto-2026-novaj-libroj-por-la-berlina-esperanto-biblioteko","status":"publish","type":"post","link":"https:\/\/esperanto.berlin\/de\/lunde-ce-viktoriaparko-marto-2026-novaj-libroj-por-la-berlina-esperanto-biblioteko\/","title":{"rendered":"Montags am Viktoriapark \u2013 M\u00e4rz 2026 \u2013 Neue B\u00fccher f\u00fcr die Berliner Esperanto-Bibliothek"},"content":{"rendered":"<p><img loading=\"lazy\" decoding=\"async\" class=\"alignnone size-full wp-image-10028\" src=\"https:\/\/esperanto.berlin\/wp-content\/uploads\/2024\/03\/Viktoriapark.jpg\" alt=\"\" width=\"1417\" height=\"704\" \/><\/p>\n<div id=\"post-10358\" class=\"post-10358 post type-post status-publish format-standard hentry category-bibliothek category-montags-am-viktoriapark tag-berliner-esperanto-bibliotrhek tag-berliner-esperanto-bibliothek tag-berlina-esperanto-biblioteko\">\n<div class=\"entry-content\">\n<p>Esperanto-Kulturabend im <a href=\"https:\/\/eo.wikipedia.org\/wiki\/Esperanto-butiko_Berlino\">Esperanto-Laden<\/a>, Katzbachstra\u00dfe 25 (Kreuzberg).<\/p>\n<p>Verkehrsmittel: U6, Buslinie 248 \u2013 Platz der Luftbr\u00fccke, Buslinien M43 und 140 \u2013 Dudenstra\u00dfe\/Katzbachstra\u00dfe.<\/p>\n<h2 id=\"-dezember-2019-1930-uhr\"><strong>2. <\/strong><strong>M\u00e4rz 2026 um <\/strong><strong>19.30 Uhr<br \/>\n<\/strong><\/h2>\n<p><strong>Neue B\u00fccher f\u00fcr die Berliner Esperanto-Bibliothek<\/strong><\/p>\n<p>Im Januar hat die ELBB aus dem Nachlass von Peter B\u00e4\u00df zahlreiche neue B\u00fccher f\u00fcr unsere Bibliothek in der Katzbachstra\u00dfe 25 \u00fcbernommen.<\/p>\n<p>Fritz Wollenberg stellt interessante Neuzug\u00e4nge vor.<\/p>\n<p>Zum Treffen: <a href=\"https:\/\/esperanto.berlin\/de\/viktoriapark\/\">Montags am Viktoriapark<\/a><\/p>\n<p>&nbsp;<\/p>\n<\/div>\n<div class=\"entry-utility\">Dieser Beitrag wurde unter <a href=\"https:\/\/esperanto.berlin\/de\/category\/berlin\/bibliothek\/\" rel=\"category tag\">Bibliothek<\/a>, <a href=\"https:\/\/esperanto.berlin\/de\/category\/berlin\/gruppen\/montags-am-viktoriapark\/\" rel=\"category tag\">Montags am Viktoriapark<\/a> abgelegt und mit <a href=\"https:\/\/esperanto.berlin\/de\/tag\/berliner-esperanto-bibliotrhek\/\" rel=\"tag\">Berliner Esperanto-Bibliotrhek<\/a>, <a href=\"https:\/\/esperanto.berlin\/de\/tag\/berliner-esperanto-bibliothek\/\" rel=\"tag\">Berliner Esperanto-Bibliothek<\/a>, <a href=\"https:\/\/esperanto.berlin\/de\/tag\/berlina-esperanto-biblioteko\/\" rel=\"tag\">Berlina Esperanto-Biblioteko<\/a> verschlagwortet. Setze ein Lesezeichen auf den <a title=\"Permalink zu Montags am Viktoriapark \u2013 Februar 2026 \u2013 Neue B\u00fccher f\u00fcr die Berliner Esperanto-Bibliothek\" href=\"https:\/\/esperanto.berlin\/de\/lunde-ce-viktoriaparko-februaro-2026-novaj-libroj-por-la-berlina-esperanto-biblioteko\/\" rel=\"bookmark\">Permalink<\/a>.<\/div>\n<\/div>\n<div id=\"nav-below\" class=\"navigation\">\n<div class=\"nav-previous\"><a href=\"https:\/\/esperanto.berlin\/de\/lunde-ce-viktoriaparko-januaro-2025-junulara-esperanto-semajno-2025-26\/\" rel=\"prev\"><span class=\"meta-nav\">\u2190<\/span> Montags am Viktoriapark \u2013 Januar 2026 \u2013 Die Jugend-Esperanto-Woche 2025\/26<\/a><\/div>\n<\/div>\n<p><\/p>","protected":false},"excerpt":{"rendered":"<p>Esperanto-Kulturabend im Esperanto-Laden, Katzbachstra\u00dfe 25 (Kreuzberg). Verkehrsmittel: U6, Buslinie 248 \u2013 Platz der Luftbr\u00fccke, Buslinien M43 und 140 \u2013 Dudenstra\u00dfe\/Katzbachstra\u00dfe. 2. M\u00e4rz 2026 um 19.30 Uhr Neue B\u00fccher f\u00fcr die Berliner Esperanto-Bibliothek Im Januar hat die ELBB aus dem Nachlass &hellip; <a href=\"https:\/\/esperanto.berlin\/de\/lunde-ce-viktoriaparko-marto-2026-novaj-libroj-por-la-berlina-esperanto-biblioteko\/\">Weiterlesen <span class=\"meta-nav\">&rarr;<\/span><\/a><\/p>\n","protected":false},"author":3,"featured_media":0,"comment_status":"closed","ping_status":"closed","sticky":false,"template":"","format":"standard","meta":{"footnotes":""},"categories":[1],"tags":[580,581],"jetpack_featured_media_url":"","jetpack_shortlink":"https:\/\/wp.me\/par8jA-2Hd","_links":{"self":[{"href":"https:\/\/esperanto.berlin\/de\/wp-json\/wp\/v2\/posts\/10367"}],"collection":[{"href":"https:\/\/esperanto.berlin\/de\/wp-json\/wp\/v2\/posts"}],"about":[{"href":"https:\/\/esperanto.berlin\/de\/wp-json\/wp\/v2\/types\/post"}],"author":[{"embeddable":true,"href":"https:\/\/esperanto.berlin\/de\/wp-json\/wp\/v2\/users\/3"}],"replies":[{"embeddable":true,"href":"https:\/\/esperanto.berlin\/de\/wp-json\/wp\/v2\/comments?post=10367"}],"version-history":[{"count":1,"href":"https:\/\/esperanto.berlin\/de\/wp-json\/wp\/v2\/posts\/10367\/revisions"}],"predecessor-version":[{"id":10368,"href":"https:\/\/esperanto.berlin\/de\/wp-json\/wp\/v2\/posts\/10367\/revisions\/10368"}],"wp:attachment":[{"href":"https:\/\/esperanto.berlin\/de\/wp-json\/wp\/v2\/media?parent=10367"}],"wp:term":[{"taxonomy":"category","embeddable":true,"href":"https:\/\/esperanto.berlin\/de\/wp-json\/wp\/v2\/categories?post=10367"},{"taxonomy":"post_tag","embeddable":true,"href":"https:\/\/esperanto.berlin\/de\/wp-json\/wp\/v2\/tags?post=10367"}],"curies":[{"name":"wp","href":"https:\/\/api.w.org\/{rel}","templated":true}]}}