{"id":1221,"date":"2012-09-11T08:40:00","date_gmt":"2012-09-11T07:40:00","guid":{"rendered":"http:\/\/www.esperanto.de\/bb\/?p=1221"},"modified":"2012-09-11T08:40:00","modified_gmt":"2012-09-11T07:40:00","slug":"kakadu","status":"publish","type":"post","link":"https:\/\/esperanto.berlin\/de\/kakadu\/","title":{"rendered":"(Deutsch) Sprachen bei kakadu"},"content":{"rendered":"<p><a href=\"http:\/\/www.kakadu.de\/inhalt\/7109\/audio\"><img loading=\"lazy\" decoding=\"async\" class=\"alignright size-medium wp-image-1222\" title=\"kakaduLogo\" src=\"http:\/\/www.esperanto.de\/bb\/wp-content\/uploads\/2012\/09\/kakaduLogo-300x276.jpg\" alt=\"\" width=\"300\" height=\"276\" \/><\/a>Im Deutschlandradio gibt es die Sendung kakadu, die sich am 8. September 2012 mit Sprachen besch\u00e4ftig hat.<\/p>\n<p>Aus Berlin wurde Felix Zesch zu Esperanto befragt und ein Titel von JoMo eingespielt.<\/p>\n<p>Man kann den Mitschnitt auf der <a href=\"http:\/\/www.kakadu.de\/inhalt\/7109\/audio\">entsprechenden Seite von www.kakadu.de<\/a>\u00a0anh\u00f6ren.<\/p>\n<p>Wer sich nur f\u00fcr den Teil interessiert, in dem Esperanto erw\u00e4hnt wird, mu\u00df allerdings etwas Geduld aufbringen und bis Minute 14:30 durchhalten.<\/p>","protected":false},"excerpt":{"rendered":"<p>Im Deutschlandradio gibt es die Sendung kakadu, die sich am 8. September 2012 mit Sprachen besch\u00e4ftig hat. Aus Berlin wurde Felix Zesch zu Esperanto befragt und ein Titel von JoMo eingespielt. Man kann den Mitschnitt auf der entsprechenden Seite von &hellip; <a href=\"https:\/\/esperanto.berlin\/de\/kakadu\/\">Weiterlesen <span class=\"meta-nav\">&rarr;<\/span><\/a><\/p>\n","protected":false},"author":8,"featured_media":0,"comment_status":"open","ping_status":"open","sticky":false,"template":"","format":"standard","meta":{"footnotes":""},"categories":[31],"tags":[],"jetpack_featured_media_url":"","jetpack_shortlink":"https:\/\/wp.me\/sar8jA-kakadu","_links":{"self":[{"href":"https:\/\/esperanto.berlin\/de\/wp-json\/wp\/v2\/posts\/1221"}],"collection":[{"href":"https:\/\/esperanto.berlin\/de\/wp-json\/wp\/v2\/posts"}],"about":[{"href":"https:\/\/esperanto.berlin\/de\/wp-json\/wp\/v2\/types\/post"}],"author":[{"embeddable":true,"href":"https:\/\/esperanto.berlin\/de\/wp-json\/wp\/v2\/users\/8"}],"replies":[{"embeddable":true,"href":"https:\/\/esperanto.berlin\/de\/wp-json\/wp\/v2\/comments?post=1221"}],"version-history":[{"count":0,"href":"https:\/\/esperanto.berlin\/de\/wp-json\/wp\/v2\/posts\/1221\/revisions"}],"wp:attachment":[{"href":"https:\/\/esperanto.berlin\/de\/wp-json\/wp\/v2\/media?parent=1221"}],"wp:term":[{"taxonomy":"category","embeddable":true,"href":"https:\/\/esperanto.berlin\/de\/wp-json\/wp\/v2\/categories?post=1221"},{"taxonomy":"post_tag","embeddable":true,"href":"https:\/\/esperanto.berlin\/de\/wp-json\/wp\/v2\/tags?post=1221"}],"curies":[{"name":"wp","href":"https:\/\/api.w.org\/{rel}","templated":true}]}}