{"id":1846,"date":"2013-06-12T18:44:33","date_gmt":"2013-06-12T17:44:33","guid":{"rendered":"http:\/\/www.esperanto.de\/bb\/?p=1846"},"modified":"2013-06-12T18:44:33","modified_gmt":"2013-06-12T17:44:33","slug":"weltweite-sprachprufung-auf-esperanto","status":"publish","type":"post","link":"https:\/\/esperanto.berlin\/de\/weltweite-sprachprufung-auf-esperanto\/","title":{"rendered":"(Deutsch) Weltweite Sprachpr\u00fcfung auf Esperanto"},"content":{"rendered":"<p><\/p>\n<p dir=\"ltr\">Am Samstag, den 8. Juni 2013, bestand in Berlin im Rahmen des zweiten \u201cTutmonda Ekzamentago\u201d (weltweiter Pr\u00fcfungstag) die M\u00f6glichkeit, <a href=\"http:\/\/www.esperanto.de\/bb\/ker-ekzameno-2013\/www.edukado.net\/ekzamenoj\/ker\">Esperanto-Sprachpr\u00fcfungen<\/a> nach dem <a href=\"http:\/\/de.wikipedia.org\/wiki\/Gemeinsamer_Europ%C3%A4ischer_Referenzrahmen\">Gemeinsamen europ\u00e4ischen Referenzrahmen<\/a> abzulegen. Sechs Esperanto-Sprecher machten in Berlin davon Gebrauch und nahmen die von der <a href=\"http:\/\/www.esperanto.de\/bb\">Esperanto-Liga Berlin<\/a> organisierte, mehrst\u00fcndige schriftliche Pr\u00fcfung auf sich, die im Kulturzentrum <a href=\"http:\/\/www.danziger50.de\">Danziger 50<\/a> im Prenzlauer Berg stattfand. <\/p>\n<h2>Global organisiert<\/h2>\n<p dir=\"ltr\">Am simultan in 24 St\u00e4dten durchgef\u00fchrten weltweiten Pr\u00fcfungstag nahmen insgesamt 250 Esperanto-Sprecher teil. Die Gesamtkoordination lag bei der Beauftragten f\u00fcr das Pr\u00fcfungswesen des <a href=\"http:\/\/www.uea.org\">Esperanto-Weltbundes<\/a>, der in den Niederlanden lebenden Ungarin Katalin Kov\u00e1ts. Sie fasst ihren Eindruck so zusammen: \u201cDie Koordination der Pr\u00fcfung \u00fcber viele verschiedene Zeitzonen hinweg mit ehrenamtlichen Helfern ist eine gro\u00dfe logistische Herausforderung. Ich bin froh, dass alles so reibungslos funktioniert hat.\u201d<\/p>\n<h2>Motivation der Teilnehmer<\/h2>\n<p dir=\"ltr\">Die Motivation der Berliner Teilnehmer, eine staatlich anerkannte Sprachpr\u00fcfung in der Plansprache Esperanto abzulegen, war unterschiedlich. Der Linguist <a href=\"http:\/\/www.cyrilbrosch.net\/\">Dr. Cyril Brosch<\/a> (31) verspricht sich von dem Zertifikat mehr M\u00f6glichkeiten bei der Arbeit an einem sprachwissenschaftlichen Lehrstuhl. Der Schriftsteller <a href=\"http:\/\/www.philipp-sonntag.de\/\">Dr. Philipp Sonntag<\/a> (74) sieht die Pr\u00fcfung als Ansporn und will sehen, auf welchem Niveau er sich einordnen kann, er interessiert sich au\u00dferdem besonders f\u00fcr die kosmopolitische Idee des Esperanto-Erfinders Zamenhof. Manche sehen mit dem Zertifikat in der Hand auch h\u00f6here Chancen, als Esperanto-Lehrer an Volkshochschulen angenommen zu werden, so Judith Meyer (28), die im n\u00e4chsten Jahr eine Konferenz f\u00fcr Fremdsprachenbegeisterte in Berlin organisiert. Die <a href=\"http:\/\/www.berlin.de\/vhs-lichtenberg\" target=\"_blank\">VHS Lichtenberg<\/a> bot <a href=\"http:\/\/www.esperanto.de\/bb\/kurse-an-der-vhs-lichtenberg\">im letzten Jahr w\u00f6chentliche Esperanto-Kurse<\/a> an. Daneben gibt es aber auch immer wieder Esperanto-<a href=\"http:\/\/www.esperanto.de\/bb\/kurse\/wochenendkurs\/\">Wochenendkurse<\/a> in Berlin, zuletzt am 25.\/26. Mai 2013. <strong><a href=\"https:\/\/www.dropbox.com\/sh\/1sr5w8k0igpxg69\/f1mJFNXsy_\" target=\"_blank\">Zur Bildergalerie<\/a><\/strong><\/p>\n<p><img loading=\"lazy\" decoding=\"async\" class=\"alignright\" title=\"Pr\u00fcfungsteilnehmer\" src=\"https:\/\/photos-1.dropbox.com\/t\/0\/AABkTSs6JBUBEGHYhzVfM-rfjAz1hOPX9dwbd-zwHhpilA\/12\/7518323\/jpeg\/32x32\/3\/1371063600\/0\/2\/8-Chuck-Judith-Philipp.JPG\/TAEdzFmhWelaslEnDi4IZrZ-TtSeRtjnqx40cwv7_TM%2CDYAuszSSsDlB0Jd1O_jubVKS9_5UXNm-ifLgzFRCf6s?size=1280x960\" alt=\"Pr\u00fcfungsteilnehmer\" width=\"768\" height=\"576\" \/><\/p>\n<h2>Gemeinsamer europ\u00e4ischer Referenzrahmen<\/h2>\n<p dir=\"ltr\">Die nach dem gemeinsamen europ\u00e4ischen Referenzrahmen auf den Niveaus B1, B2 und C1 angebotenen Sprachpr\u00fcfungen des Esperanto-Weltbundes UEA wurden in Zusammenarbeit mit dem Staatlichen Sprachpr\u00fcfungszentrum in Budapest (<a href=\"http:\/\/www.itk.hu\/\">ITK<\/a>) entwickelt und akkreditiert. Am ITK wird Esperanto als staatlich anerkannte Fremdsprache gleichberechtigt mit anderen unterrichtet und gepr\u00fcft. Das f\u00fcr die Esperanto-Sprachpr\u00fcfung ausgestellte Zertifikat ist von der Vereinigung der Sprachpr\u00fcfer in Europa <a href=\"http:\/\/www.alte.org\/\">(ALTE<\/a>) akkreditiert und viersprachig (Deutsch, Englisch, Esperanto, Franz\u00f6sisch).<\/p>\n<p dir=\"ltr\">(wikipedia:) Der Gemeinsame europ\u00e4ische Referenzrahmen f\u00fcr Sprachen (GeR) des <a href=\"http:\/\/de.wikipedia.org\/wiki\/Europarat\">Europarats<\/a> legt eine f\u00fcr Sprachenlernende und -lehrende umfangreiche Empfehlung vor, die den Spracherwerb, die Sprachanwendung und die Sprachkompetenz von Lernenden transparent und vergleichbar macht. Diese Empfehlung wird f\u00fcr alle Teilqualifikationen (Leseverstehen, H\u00f6rverstehen, Schreiben und Sprechen) vorgenommen und ist in Form von sechs Kompetenzniveaus formuliert.<\/p>\n<p>Der GeR stellt eine gemeinsame Basis f\u00fcr die Entwicklung von zielsprachlichen Lehrpl\u00e4nen, curricularen Richtlinien, Lehrwerken und Qualifikationsnachweisen in der europ\u00e4ischen Spracharbeit dar und erm\u00f6glicht deren intersprachliche Vergleichbarkeit. Er folgt dem handlungs- und aufgabenorientiertem Ansatz, demzufolge Sprachlernende als in sozialen Kontexten sprachlich Handelnde gesehen werden. Dar\u00fcber hinaus verfolgt er das sprachpolitische Ziel einer F\u00f6rderung von Mehrsprachigkeit und individueller Vielsprachigkeit, wodurch er auch einen Beitrag zur Verst\u00e4rkung der internationalen Zusammenarbeit auf dem Gebiet der modernen Sprachen leistet.<\/p>","protected":false},"excerpt":{"rendered":"<p>Am Samstag, den 8. Juni 2013, bestand in Berlin im Rahmen des zweiten \u201cTutmonda Ekzamentago\u201d (weltweiter Pr\u00fcfungstag) die M\u00f6glichkeit, Esperanto-Sprachpr\u00fcfungen nach dem Gemeinsamen europ\u00e4ischen Referenzrahmen abzulegen. Sechs Esperanto-Sprecher machten in Berlin davon Gebrauch und nahmen die von der Esperanto-Liga Berlin &hellip; <a href=\"https:\/\/esperanto.berlin\/de\/weltweite-sprachprufung-auf-esperanto\/\">Weiterlesen <span class=\"meta-nav\">&rarr;<\/span><\/a><\/p>\n","protected":false},"author":2,"featured_media":0,"comment_status":"open","ping_status":"open","sticky":false,"template":"","format":"standard","meta":{"footnotes":""},"categories":[34,29,4,7,18,24],"tags":[],"jetpack_featured_media_url":"","jetpack_shortlink":"https:\/\/wp.me\/par8jA-tM","_links":{"self":[{"href":"https:\/\/esperanto.berlin\/de\/wp-json\/wp\/v2\/posts\/1846"}],"collection":[{"href":"https:\/\/esperanto.berlin\/de\/wp-json\/wp\/v2\/posts"}],"about":[{"href":"https:\/\/esperanto.berlin\/de\/wp-json\/wp\/v2\/types\/post"}],"author":[{"embeddable":true,"href":"https:\/\/esperanto.berlin\/de\/wp-json\/wp\/v2\/users\/2"}],"replies":[{"embeddable":true,"href":"https:\/\/esperanto.berlin\/de\/wp-json\/wp\/v2\/comments?post=1846"}],"version-history":[{"count":0,"href":"https:\/\/esperanto.berlin\/de\/wp-json\/wp\/v2\/posts\/1846\/revisions"}],"wp:attachment":[{"href":"https:\/\/esperanto.berlin\/de\/wp-json\/wp\/v2\/media?parent=1846"}],"wp:term":[{"taxonomy":"category","embeddable":true,"href":"https:\/\/esperanto.berlin\/de\/wp-json\/wp\/v2\/categories?post=1846"},{"taxonomy":"post_tag","embeddable":true,"href":"https:\/\/esperanto.berlin\/de\/wp-json\/wp\/v2\/tags?post=1846"}],"curies":[{"name":"wp","href":"https:\/\/api.w.org\/{rel}","templated":true}]}}