{"id":1916,"date":"2013-08-12T12:25:46","date_gmt":"2013-08-12T11:25:46","guid":{"rendered":"http:\/\/www.esperanto.de\/bb\/?p=1916"},"modified":"2013-08-12T12:25:46","modified_gmt":"2013-08-12T11:25:46","slug":"ausgabe-659-des-informilo-im-netz","status":"publish","type":"post","link":"https:\/\/esperanto.berlin\/de\/ausgabe-659-des-informilo-im-netz\/","title":{"rendered":"Ausgabe 659 des Informilo im Netz"},"content":{"rendered":"<p>Die Ausgabe 659 des Esperanto-Informilo Berlin-Brandenburg ist im Netz (<a href=\"http:\/\/www.esperanto.de\/bb\/?attachment_id=1915\" target=\"_blank\"> PDF der Druckversion, 6 MB<\/a>, <a href=\"http:\/\/www.esperanto.de\/bb\/wp-content\/uploads\/2013\/08\/EIBB_659-fina-reta-versio.pdf\">Bildschirmversion, 212 kb<\/a>). Themen sind unter anderem das Sommerfest am 18. August und ein R\u00fcckblick auf die Sprachpr\u00fcfung im Juni. Wie immer dabei ist auch der aktualisierte Kalender f\u00fcr die n\u00e4chsten Wochen. Angenehme Lekt\u00fcre!<\/p>","protected":false},"excerpt":{"rendered":"<p>Die Ausgabe 659 des Esperanto-Informilo Berlin-Brandenburg ist im Netz ( PDF der Druckversion, 6 MB, Bildschirmversion, 212 kb). Themen sind unter anderem das Sommerfest am 18. August und ein R\u00fcckblick auf die Sprachpr\u00fcfung im Juni. Wie immer dabei ist auch &hellip; <a href=\"https:\/\/esperanto.berlin\/de\/ausgabe-659-des-informilo-im-netz\/\">Weiterlesen <span class=\"meta-nav\">&rarr;<\/span><\/a><\/p>\n","protected":false},"author":2,"featured_media":0,"comment_status":"open","ping_status":"open","sticky":false,"template":"","format":"standard","meta":{"footnotes":""},"categories":[1],"tags":[69],"jetpack_featured_media_url":"","jetpack_shortlink":"https:\/\/wp.me\/par8jA-uU","_links":{"self":[{"href":"https:\/\/esperanto.berlin\/de\/wp-json\/wp\/v2\/posts\/1916"}],"collection":[{"href":"https:\/\/esperanto.berlin\/de\/wp-json\/wp\/v2\/posts"}],"about":[{"href":"https:\/\/esperanto.berlin\/de\/wp-json\/wp\/v2\/types\/post"}],"author":[{"embeddable":true,"href":"https:\/\/esperanto.berlin\/de\/wp-json\/wp\/v2\/users\/2"}],"replies":[{"embeddable":true,"href":"https:\/\/esperanto.berlin\/de\/wp-json\/wp\/v2\/comments?post=1916"}],"version-history":[{"count":0,"href":"https:\/\/esperanto.berlin\/de\/wp-json\/wp\/v2\/posts\/1916\/revisions"}],"wp:attachment":[{"href":"https:\/\/esperanto.berlin\/de\/wp-json\/wp\/v2\/media?parent=1916"}],"wp:term":[{"taxonomy":"category","embeddable":true,"href":"https:\/\/esperanto.berlin\/de\/wp-json\/wp\/v2\/categories?post=1916"},{"taxonomy":"post_tag","embeddable":true,"href":"https:\/\/esperanto.berlin\/de\/wp-json\/wp\/v2\/tags?post=1916"}],"curies":[{"name":"wp","href":"https:\/\/api.w.org\/{rel}","templated":true}]}}