{"id":1999,"date":"2013-10-13T20:43:46","date_gmt":"2013-10-13T19:43:46","guid":{"rendered":"http:\/\/www.esperanto.de\/bb\/?p=1999"},"modified":"2013-10-13T20:43:46","modified_gmt":"2013-10-13T19:43:46","slug":"schnupperkurs-esperanto-in-frankfurt-oder","status":"publish","type":"post","link":"https:\/\/esperanto.berlin\/de\/schnupperkurs-esperanto-in-frankfurt-oder\/","title":{"rendered":"(Deutsch) Schnupperkurs Esperanto in Frankfurt\/Oder"},"content":{"rendered":"<p>Im <a href=\"https:\/\/www.facebook.com\/pages\/Caf%C3%A9-S%C5%82ubfurt\/316436018490301\" target=\"_blank\">Caf\u00e9 S\u0142ubfurt<\/a>, Lindenstra\u00dfe 6 in Frankfurt (Oder), nahe der Hauptpost, beginnt am 17. Oktober 2013 um 19:00 Uhr ein Schnupperkurs in Esperanto, der w\u00f6chentlich fortgesetzt werden soll. Ansprechpartner ist Ronald Schindler (RonaldSchindler@web.de).<\/p>\n<p><img loading=\"lazy\" decoding=\"async\" alt=\"\" src=\"https:\/\/fbcdn-sphotos-e-a.akamaihd.net\/hphotos-ak-prn2\/980203_319292328204670_148375871_o.jpg\" width=\"335\" height=\"286\" \/><\/p>","protected":false},"excerpt":{"rendered":"<p>Im Caf\u00e9 S\u0142ubfurt, Lindenstra\u00dfe 6 in Frankfurt (Oder), nahe der Hauptpost, beginnt am 17. Oktober 2013 um 19:00 Uhr ein Schnupperkurs in Esperanto, der w\u00f6chentlich fortgesetzt werden soll. Ansprechpartner ist Ronald Schindler (RonaldSchindler@web.de).<\/p>\n","protected":false},"author":2,"featured_media":0,"comment_status":"open","ping_status":"open","sticky":false,"template":"","format":"standard","meta":{"footnotes":""},"categories":[6,14,18,43],"tags":[],"jetpack_featured_media_url":"","jetpack_shortlink":"https:\/\/wp.me\/par8jA-wf","_links":{"self":[{"href":"https:\/\/esperanto.berlin\/de\/wp-json\/wp\/v2\/posts\/1999"}],"collection":[{"href":"https:\/\/esperanto.berlin\/de\/wp-json\/wp\/v2\/posts"}],"about":[{"href":"https:\/\/esperanto.berlin\/de\/wp-json\/wp\/v2\/types\/post"}],"author":[{"embeddable":true,"href":"https:\/\/esperanto.berlin\/de\/wp-json\/wp\/v2\/users\/2"}],"replies":[{"embeddable":true,"href":"https:\/\/esperanto.berlin\/de\/wp-json\/wp\/v2\/comments?post=1999"}],"version-history":[{"count":0,"href":"https:\/\/esperanto.berlin\/de\/wp-json\/wp\/v2\/posts\/1999\/revisions"}],"wp:attachment":[{"href":"https:\/\/esperanto.berlin\/de\/wp-json\/wp\/v2\/media?parent=1999"}],"wp:term":[{"taxonomy":"category","embeddable":true,"href":"https:\/\/esperanto.berlin\/de\/wp-json\/wp\/v2\/categories?post=1999"},{"taxonomy":"post_tag","embeddable":true,"href":"https:\/\/esperanto.berlin\/de\/wp-json\/wp\/v2\/tags?post=1999"}],"curies":[{"name":"wp","href":"https:\/\/api.w.org\/{rel}","templated":true}]}}