{"id":2189,"date":"2014-02-13T11:16:32","date_gmt":"2014-02-13T10:16:32","guid":{"rendered":"http:\/\/www.esperanto.de\/bb\/?p=2189"},"modified":"2014-02-13T11:16:32","modified_gmt":"2014-02-13T10:16:32","slug":"sprachpruefung-2014","status":"publish","type":"post","link":"https:\/\/esperanto.berlin\/de\/sprachpruefung-2014\/","title":{"rendered":"(Deutsch) Sprachpr\u00fcfung 2014"},"content":{"rendered":"<p>Wie <a href=\"http:\/\/www.esperanto.de\/bb\/weltweite-sprachprufung-auf-esperanto\/\">schon im letzten Jahr<\/a>, \u00fcberlegen wir auch in diesem Jahr wieder eine Sprachpr\u00fcfung auf Esperanto nach dem gemeinsamen eurpo\u00e4ischen Referenzrahmen zu organisieren.<\/p>\n<p>interessierte sind gebeten, <a href=\"https:\/\/docs.google.com\/spreadsheet\/viewform?formkey=dEZWcG9LV2huMHZDc09hcmdjNzlrS2c6MQ&#038;ifq\" target=\"_blank\">sich in ein Formular einzutragen<\/a><\/p>\n<p>Mehr Details dazu in der Esperanto-Version<\/p>","protected":false},"excerpt":{"rendered":"<p>Wie schon im letzten Jahr, \u00fcberlegen wir auch in diesem Jahr wieder eine Sprachpr\u00fcfung auf Esperanto nach dem gemeinsamen eurpo\u00e4ischen Referenzrahmen zu organisieren. interessierte sind gebeten, sich in ein Formular einzutragen Mehr Details dazu in der Esperanto-Version<\/p>\n","protected":false},"author":2,"featured_media":0,"comment_status":"open","ping_status":"open","sticky":false,"template":"","format":"standard","meta":{"footnotes":""},"categories":[34,4],"tags":[],"jetpack_featured_media_url":"","jetpack_shortlink":"https:\/\/wp.me\/par8jA-zj","_links":{"self":[{"href":"https:\/\/esperanto.berlin\/de\/wp-json\/wp\/v2\/posts\/2189"}],"collection":[{"href":"https:\/\/esperanto.berlin\/de\/wp-json\/wp\/v2\/posts"}],"about":[{"href":"https:\/\/esperanto.berlin\/de\/wp-json\/wp\/v2\/types\/post"}],"author":[{"embeddable":true,"href":"https:\/\/esperanto.berlin\/de\/wp-json\/wp\/v2\/users\/2"}],"replies":[{"embeddable":true,"href":"https:\/\/esperanto.berlin\/de\/wp-json\/wp\/v2\/comments?post=2189"}],"version-history":[{"count":0,"href":"https:\/\/esperanto.berlin\/de\/wp-json\/wp\/v2\/posts\/2189\/revisions"}],"wp:attachment":[{"href":"https:\/\/esperanto.berlin\/de\/wp-json\/wp\/v2\/media?parent=2189"}],"wp:term":[{"taxonomy":"category","embeddable":true,"href":"https:\/\/esperanto.berlin\/de\/wp-json\/wp\/v2\/categories?post=2189"},{"taxonomy":"post_tag","embeddable":true,"href":"https:\/\/esperanto.berlin\/de\/wp-json\/wp\/v2\/tags?post=2189"}],"curies":[{"name":"wp","href":"https:\/\/api.w.org\/{rel}","templated":true}]}}