{"id":2426,"date":"2014-08-04T14:54:03","date_gmt":"2014-08-04T13:54:03","guid":{"rendered":"http:\/\/esperanto.berlin\/?p=2426"},"modified":"2014-08-04T14:54:03","modified_gmt":"2014-08-04T13:54:03","slug":"eibb-661","status":"publish","type":"post","link":"https:\/\/esperanto.berlin\/de\/eibb-661\/","title":{"rendered":"(Deutsch) EIBB 661 erschienen"},"content":{"rendered":"<p>Die <a href=\"http:\/\/esperanto.berlin\/wp-content\/uploads\/2014\/08\/EIBB_661.pdf\" target=\"_blank\">Ausgabe 661 unserer Vereinszeitschrift<\/a> ist erschienen. Darin gratulieren wir Ina Tautorat zum Jubil\u00e4um, blicken auf die Jahreshauptversammlung zur\u00fcck, vermelden Entscheidungen zum Esperanto-Park und zum Vegan-Vegetarischen Sommerfest und berichten vom Br\u00fcckenfest in Frankfurt\/Oder und dem Fr\u00fchlingstreffen in Prenzlau. Wir w\u00fcnschen angenehme Lekt\u00fcre!<\/p>","protected":false},"excerpt":{"rendered":"<p>Die Ausgabe 661 unserer Vereinszeitschrift ist erschienen. Darin gratulieren wir Ina Tautorat zum Jubil\u00e4um, blicken auf die Jahreshauptversammlung zur\u00fcck, vermelden Entscheidungen zum Esperanto-Park und zum Vegan-Vegetarischen Sommerfest und berichten vom Br\u00fcckenfest in Frankfurt\/Oder und dem Fr\u00fchlingstreffen in Prenzlau. Wir w\u00fcnschen &hellip; <a href=\"https:\/\/esperanto.berlin\/de\/eibb-661\/\">Weiterlesen <span class=\"meta-nav\">&rarr;<\/span><\/a><\/p>\n","protected":false},"author":2,"featured_media":0,"comment_status":"open","ping_status":"open","sticky":false,"template":"","format":"standard","meta":{"footnotes":""},"categories":[40,15,24],"tags":[69],"jetpack_featured_media_url":"","jetpack_shortlink":"https:\/\/wp.me\/par8jA-D8","_links":{"self":[{"href":"https:\/\/esperanto.berlin\/de\/wp-json\/wp\/v2\/posts\/2426"}],"collection":[{"href":"https:\/\/esperanto.berlin\/de\/wp-json\/wp\/v2\/posts"}],"about":[{"href":"https:\/\/esperanto.berlin\/de\/wp-json\/wp\/v2\/types\/post"}],"author":[{"embeddable":true,"href":"https:\/\/esperanto.berlin\/de\/wp-json\/wp\/v2\/users\/2"}],"replies":[{"embeddable":true,"href":"https:\/\/esperanto.berlin\/de\/wp-json\/wp\/v2\/comments?post=2426"}],"version-history":[{"count":0,"href":"https:\/\/esperanto.berlin\/de\/wp-json\/wp\/v2\/posts\/2426\/revisions"}],"wp:attachment":[{"href":"https:\/\/esperanto.berlin\/de\/wp-json\/wp\/v2\/media?parent=2426"}],"wp:term":[{"taxonomy":"category","embeddable":true,"href":"https:\/\/esperanto.berlin\/de\/wp-json\/wp\/v2\/categories?post=2426"},{"taxonomy":"post_tag","embeddable":true,"href":"https:\/\/esperanto.berlin\/de\/wp-json\/wp\/v2\/tags?post=2426"}],"curies":[{"name":"wp","href":"https:\/\/api.w.org\/{rel}","templated":true}]}}