{"id":3174,"date":"2016-02-28T14:02:26","date_gmt":"2016-02-28T13:02:26","guid":{"rendered":"http:\/\/esperanto.berlin\/?p=3174"},"modified":"2016-02-28T14:02:26","modified_gmt":"2016-02-28T13:02:26","slug":"aktuelle-infos-im-e-mail-verteiler","status":"publish","type":"post","link":"https:\/\/esperanto.berlin\/de\/aktuelle-infos-im-e-mail-verteiler\/","title":{"rendered":"(Deutsch) Aktuelle Infos im E-Mail-Verteiler"},"content":{"rendered":"<p><\/p>\n<p>\nSeit Ende Januar 2016 gibt es den E-Mail-Verteiler <em><a href=\"https:\/\/groups.google.com\/forum\/#!forum\/esperanto-berlin-informoj\">Esperanto-Berlin-Brandenburg Informoj<\/a>.<\/em> Darin wird \u00fcber anstehende Esperantotermine und \u00c4hnliches in Berlin und Umgebung berichtet. Wir bem\u00fchen uns, die dort ver\u00f6ffentlichten Termininfos auch in den Kalender auf diesen Webseiten zu \u00fcbernehmen. Der E-Mail-Verteiler ist leider als geschlossene <a href=\"https:\/\/de.wikipedia.org\/wiki\/Google_Groups\">Google-Group<\/a> eingerichtet worden, deshalb muss man sich explizit dort anmelden, um die Infos lesen zu k\u00f6nnen.\n<\/p>\n<p>\nParallel dazu besteht weiterhin der bisherige E-Mail-Verteiler f\u00fcr Berlin und Umgebung <em><a href=\"https:\/\/de.groups.yahoo.com\/neo\/groups\/esperanto-berlin\/info\">Esperanto-Berlin<\/a><\/em> bei Yahoo.\n<\/p>\n<p><\/p>","protected":false},"excerpt":{"rendered":"<p>Seit Ende Januar 2016 gibt es den E-Mail-Verteiler Esperanto-Berlin-Brandenburg Informoj. Darin wird \u00fcber anstehende Esperantotermine und \u00c4hnliches in Berlin und Umgebung berichtet. Wir bem\u00fchen uns, die dort ver\u00f6ffentlichten Termininfos auch in den Kalender auf diesen Webseiten zu \u00fcbernehmen. Der E-Mail-Verteiler &hellip; <a href=\"https:\/\/esperanto.berlin\/de\/aktuelle-infos-im-e-mail-verteiler\/\">Weiterlesen <span class=\"meta-nav\">&rarr;<\/span><\/a><\/p>\n","protected":false},"author":16,"featured_media":0,"comment_status":"open","ping_status":"open","sticky":false,"template":"","format":"standard","meta":{"footnotes":""},"categories":[4,6,24],"tags":[],"jetpack_featured_media_url":"","jetpack_shortlink":"https:\/\/wp.me\/par8jA-Pc","_links":{"self":[{"href":"https:\/\/esperanto.berlin\/de\/wp-json\/wp\/v2\/posts\/3174"}],"collection":[{"href":"https:\/\/esperanto.berlin\/de\/wp-json\/wp\/v2\/posts"}],"about":[{"href":"https:\/\/esperanto.berlin\/de\/wp-json\/wp\/v2\/types\/post"}],"author":[{"embeddable":true,"href":"https:\/\/esperanto.berlin\/de\/wp-json\/wp\/v2\/users\/16"}],"replies":[{"embeddable":true,"href":"https:\/\/esperanto.berlin\/de\/wp-json\/wp\/v2\/comments?post=3174"}],"version-history":[{"count":0,"href":"https:\/\/esperanto.berlin\/de\/wp-json\/wp\/v2\/posts\/3174\/revisions"}],"wp:attachment":[{"href":"https:\/\/esperanto.berlin\/de\/wp-json\/wp\/v2\/media?parent=3174"}],"wp:term":[{"taxonomy":"category","embeddable":true,"href":"https:\/\/esperanto.berlin\/de\/wp-json\/wp\/v2\/categories?post=3174"},{"taxonomy":"post_tag","embeddable":true,"href":"https:\/\/esperanto.berlin\/de\/wp-json\/wp\/v2\/tags?post=3174"}],"curies":[{"name":"wp","href":"https:\/\/api.w.org\/{rel}","templated":true}]}}