{"id":3904,"date":"2016-09-11T07:52:09","date_gmt":"2016-09-11T06:52:09","guid":{"rendered":"https:\/\/esperanto.berlin\/?p=3904"},"modified":"2016-09-11T08:50:49","modified_gmt":"2016-09-11T07:50:49","slug":"estraro-2016-aug","status":"publish","type":"post","link":"https:\/\/esperanto.berlin\/de\/estraro-2016-aug\/","title":{"rendered":"Ergebnisse der Vorstandssitzung August 2016"},"content":{"rendered":"<p>Der Vorstand (Personalunion <a href=\"https:\/\/esperanto.berlin\/de\/verein\/\">ELB\/EABB)<\/a> hatte am 27. August 2016 eine Sitzung mit G\u00e4sten.<\/p>\n<p>Das <a href=\"https:\/\/esperanto.berlin\/wp-content\/uploads\/2016\/09\/protokolo-estrarkunsido-EABB-2016-08-27.pdf\">Protokoll (PDF) <\/a>kann heruntergeladen werden.<\/p>\n<p>Die wichtigsten Punkte sind:<\/p>\n<p>Die Zamenhof-Ehrung in Berlin soll am 28.\/30. April 2017 stattfinden. Ein Antrag auf F\u00f6rderung wurde bei der &#8220;<span class=\"fontstyle0\">Stiftung Deutsche Klassenlotterie Berlin&#8221; gestellt. Verantwortlich ist Peter K\u00fchnel als Vorsitzender des\u00a0 <span class=\"fontstyle0\">Vorbereitungskomitees<\/span>.<\/span><\/p>\n<p>Roland Schnell wurde zum Beauftragten f\u00fcr \u00d6ffentlichkeitsarbeit ernannt und ist f\u00fcr die Information der Lokalpresse zust\u00e4ndig. Es soll einmal j\u00e4hrlich eine Ausgabe des <a href=\"https:\/\/esperanto.berlin\/de\/verein\/informilo\/\">Informilo <\/a>auf Papier erscheinen. Die Themen f\u00fcr die <a href=\"https:\/\/esperanto.berlin\/de\/tag\/i667\/\">n\u00e4chste Ausgabe (Nummer 667)<\/a>\u00a0 k\u00f6nnen eingesehen und erg\u00e4nzt werden.<\/p>\n<p>N<span class=\"fontstyle0\">\u00e4chste Vorstandssitzung am 14. September 2016.<\/span><\/p>\n<p>&nbsp;<\/p>\n<p>&nbsp;<\/p>\n<p>&nbsp;<\/p>","protected":false},"excerpt":{"rendered":"<p>Der Vorstand (Personalunion ELB\/EABB) hatte am 27. August 2016 eine Sitzung mit G\u00e4sten. Das Protokoll (PDF) kann heruntergeladen werden. Die wichtigsten Punkte sind: Die Zamenhof-Ehrung in Berlin soll am 28.\/30. April 2017 stattfinden. Ein Antrag auf F\u00f6rderung wurde bei der &hellip; <a href=\"https:\/\/esperanto.berlin\/de\/estraro-2016-aug\/\">Weiterlesen <span class=\"meta-nav\">&rarr;<\/span><\/a><\/p>\n","protected":false},"author":8,"featured_media":0,"comment_status":"open","ping_status":"open","sticky":false,"template":"","format":"standard","meta":{"footnotes":""},"categories":[1],"tags":[157],"jetpack_featured_media_url":"","jetpack_shortlink":"https:\/\/wp.me\/par8jA-10Y","_links":{"self":[{"href":"https:\/\/esperanto.berlin\/de\/wp-json\/wp\/v2\/posts\/3904"}],"collection":[{"href":"https:\/\/esperanto.berlin\/de\/wp-json\/wp\/v2\/posts"}],"about":[{"href":"https:\/\/esperanto.berlin\/de\/wp-json\/wp\/v2\/types\/post"}],"author":[{"embeddable":true,"href":"https:\/\/esperanto.berlin\/de\/wp-json\/wp\/v2\/users\/8"}],"replies":[{"embeddable":true,"href":"https:\/\/esperanto.berlin\/de\/wp-json\/wp\/v2\/comments?post=3904"}],"version-history":[{"count":4,"href":"https:\/\/esperanto.berlin\/de\/wp-json\/wp\/v2\/posts\/3904\/revisions"}],"predecessor-version":[{"id":3908,"href":"https:\/\/esperanto.berlin\/de\/wp-json\/wp\/v2\/posts\/3904\/revisions\/3908"}],"wp:attachment":[{"href":"https:\/\/esperanto.berlin\/de\/wp-json\/wp\/v2\/media?parent=3904"}],"wp:term":[{"taxonomy":"category","embeddable":true,"href":"https:\/\/esperanto.berlin\/de\/wp-json\/wp\/v2\/categories?post=3904"},{"taxonomy":"post_tag","embeddable":true,"href":"https:\/\/esperanto.berlin\/de\/wp-json\/wp\/v2\/tags?post=3904"}],"curies":[{"name":"wp","href":"https:\/\/api.w.org\/{rel}","templated":true}]}}