{"id":3939,"date":"2016-09-13T08:20:21","date_gmt":"2016-09-13T07:20:21","guid":{"rendered":"https:\/\/esperanto.berlin\/?p=3939"},"modified":"2016-10-04T19:41:53","modified_gmt":"2016-10-04T18:41:53","slug":"kirchentag-2017","status":"publish","type":"post","link":"https:\/\/esperanto.berlin\/de\/kirchentag-2017\/","title":{"rendered":"Kirchentag 2017 in Berlin"},"content":{"rendered":"<p>Die <a href=\"http:\/\/www.esperanto.de\/keli\">Esperanto-Liga f\u00fcr Christen in Deutschland<\/a> e. V., eine Fachorganisation des <a href=\"http:\/\/www.esperanto.de\/\">Deutschen Esperanto-Bundes <\/a>e. V. hat dankenswerterweise sehr fr\u00fch dar\u00fcber informiert, dass 2017 der Evangelische Kirchentag in Berlin stattfinden wird.<\/p>\n<p>Auf der Website <a href=\"https:\/\/www.kirchentag.de\/\">kirchentag.de <\/a>erf\u00e4hrt man alles notwendige, vor allem das Datum<\/p>\n<p style=\"text-align: center;\"><strong>Mi. 24. bis So. 28. Mai 2017<\/strong><\/p>\n<p style=\"text-align: left;\">Das ist wichtig, da <a href=\"http:\/\/www.esperanto.de\/keli\">Esperanto-Liga f\u00fcr Christen in Deutschland<\/a> (Teil der <i>Kristana Esperantista Ligo Internacia<\/i>, kurz <i>KELI<\/i>) an dem <a href=\"https:\/\/www.kirchentag.de\/mitwirken\/markt_der_moeglichkeiten\/informationen.html\">Markt der M\u00f6glichkeiten<\/a> mit einem Infostand teilnehmen will und daf\u00fcr noch Helfer aus Berlin sucht.<\/p>\n<p style=\"text-align: left;\">Dieser <a href=\"https:\/\/www.kirchentag.de\/mitwirken\/markt_der_moeglichkeiten\/informationen.html\">Markt der M\u00f6glichkeiten<\/a> findet in einer Halle auf dem Messegel\u00e4nde statt. Es gibt St\u00e4nde, mit Trennw\u00e4nden vom Nachbarn geschieden mit 12 qm und 24 qm. Es k\u00f6nnte durchaus Sinn machen, die Austattung (Tische, Sitzgelegenheiten) in Berlin zu beschaffen und auf vorhandenes Material (Fahnen, Schriftb\u00e4nder) zur\u00fcckzugreifen.<\/p>\n<p style=\"text-align: left;\">Bei 12 qm Grundfl\u00e4che und Blockstand sind das 4 m Front und 10 m Fl\u00e4che zum Dekorieren. M\u00f6glicherweise nur einfache, mit Rauhfaser tapezierte Holzw\u00e4nde. Strom muss eventuell extra bezahlt werden. F\u00fcr den direkten Kontakt zum Stand w\u00e4hrend des Kirchentags w\u00e4re es sinnvoll rechtzeitig ein Billig-Handy mit Pre-Paid-SIM-Karte anzuschaffen und die Nummer breit zu streuen.<\/p>\n<p style=\"text-align: left;\">Der Kirchentag bietet aber weit mehr M\u00f6glicheiten sich zu pr\u00e4sentieren. Nicht jeder will den <a href=\"https:\/\/www.kirchentag.de\/teilnehmen\/karten_und_preise.html\">Eintritt f\u00fcr das Messegel\u00e4nde<\/a> (z.B. Tageskarte 33 \u20ac) aufbringen. Es k\u00f6nnen dezentrale Veranstaltungen angeboten werden, die frei zug\u00e4nglich sind.<\/p>\n<p style=\"text-align: left;\">Naheliegend w\u00e4re es die gut etabliere <a href=\"https:\/\/esperanto.berlin\/grupoj\/donnerstagsrunde\/\">\u0134a\u016dda rondo<\/a> am 25. Mai 2017 zu nutzen, um das Christenvolk in Berlin mit den G\u00e4sten und Helfern von ausw\u00e4rts in Kontakt zu bringen. Sicher findet man einen gr\u00f6sseren Raum bei einer Kirchengemeinde, wenn man rechtzeitig (Jetzt sofort!) anklopft.<\/p>\n<p style=\"text-align: left;\">Die Veranstalter laden auch dazu ein, am Kulturprogramm mitzuwirken. Man muss die Kirchenlieder (auf Esperanto Liederbuch <a href=\"http:\/\/www.ikue.org\/adoru\/adoru.htm\">ADORU<\/a>) nicht zwanghaft in geschlossenen R\u00e4umen vortragen, sondern darf beim Kirchentag auf die Strasse gehen. Das ist ausdr\u00fccklich erw\u00fcnscht. Man soll Vortr\u00e4ge und Lesungen anbieten (Warum nicht bei der j\u00fcdischen Gemeinde aus der Bibel\u00fcbersetzung des Juden Zamenhof lesen, der vor 100 Jahren gestorben ist).<\/p>\n<p style=\"text-align: left;\">Immerhin ist die Losung\u00a0 des Kirchentags \u201eDu siehst mich!\u201c aus dem Alten Testament, an dem Zamenhof Hand angelegt hat. (1. Mose 16,13) und das auch in Berlin bei M\u00f6ller &amp; Borel gedruckt wurde.<\/p>\n<p style=\"text-align: left;\">Auch &#8220;<a href=\"https:\/\/esperanto.berlin\/quo-vadis-szczecin\/\">Quo Vadis<\/a>&#8221; ist christlich impr\u00e4gniert und da w\u00fcrden vielleicht die Polen mitziehen.<\/p>\n<p style=\"text-align: left;\">Es gibt dutzende Christen mit Bezug zu Esperanto, angefangen von dem mehrfach nutzbaren Peter B\u00e4\u00df (Pfarrer, Klezmer-Musiker) \u00fcber den diskret wirkenden Hans Moser bis zu <a href=\"https:\/\/esperanto.berlin\/?s=Metzger\">Max Josef Metzger<\/a> (zwar katholisch, aber immerhin \u00f6kumenisch), dessen <a href=\"https:\/\/esperanto.berlin\/renovigo-de-mjm-placo\/\">Platz in Wedding 2o17 neu gestaltet<\/a> wird. Man kann damit in die Stadt gehen und, wenn es rechtzeitig einget\u00fctet wird, sogar in das offizielle Programm kommen.<\/p>\n<p><\/p>","protected":false},"excerpt":{"rendered":"<p>Die Esperanto-Liga f\u00fcr Christen in Deutschland e. V., eine Fachorganisation des Deutschen Esperanto-Bundes e. V. hat dankenswerterweise sehr fr\u00fch dar\u00fcber informiert, dass 2017 der Evangelische Kirchentag in Berlin stattfinden wird. Auf der Website kirchentag.de erf\u00e4hrt man alles notwendige, vor allem &hellip; <a href=\"https:\/\/esperanto.berlin\/de\/kirchentag-2017\/\">Weiterlesen <span class=\"meta-nav\">&rarr;<\/span><\/a><\/p>\n","protected":false},"author":8,"featured_media":0,"comment_status":"open","ping_status":"open","sticky":false,"template":"","format":"standard","meta":{"footnotes":""},"categories":[16,25,4,142],"tags":[157,166],"jetpack_featured_media_url":"","jetpack_shortlink":"https:\/\/wp.me\/par8jA-11x","_links":{"self":[{"href":"https:\/\/esperanto.berlin\/de\/wp-json\/wp\/v2\/posts\/3939"}],"collection":[{"href":"https:\/\/esperanto.berlin\/de\/wp-json\/wp\/v2\/posts"}],"about":[{"href":"https:\/\/esperanto.berlin\/de\/wp-json\/wp\/v2\/types\/post"}],"author":[{"embeddable":true,"href":"https:\/\/esperanto.berlin\/de\/wp-json\/wp\/v2\/users\/8"}],"replies":[{"embeddable":true,"href":"https:\/\/esperanto.berlin\/de\/wp-json\/wp\/v2\/comments?post=3939"}],"version-history":[{"count":9,"href":"https:\/\/esperanto.berlin\/de\/wp-json\/wp\/v2\/posts\/3939\/revisions"}],"predecessor-version":[{"id":3992,"href":"https:\/\/esperanto.berlin\/de\/wp-json\/wp\/v2\/posts\/3939\/revisions\/3992"}],"wp:attachment":[{"href":"https:\/\/esperanto.berlin\/de\/wp-json\/wp\/v2\/media?parent=3939"}],"wp:term":[{"taxonomy":"category","embeddable":true,"href":"https:\/\/esperanto.berlin\/de\/wp-json\/wp\/v2\/categories?post=3939"},{"taxonomy":"post_tag","embeddable":true,"href":"https:\/\/esperanto.berlin\/de\/wp-json\/wp\/v2\/tags?post=3939"}],"curies":[{"name":"wp","href":"https:\/\/api.w.org\/{rel}","templated":true}]}}