{"id":4550,"date":"2016-01-01T18:40:59","date_gmt":"2016-01-01T17:40:59","guid":{"rendered":"https:\/\/esperanto.berlin\/?p=4550"},"modified":"2017-01-31T18:59:51","modified_gmt":"2017-01-31T17:59:51","slug":"journal55plus-pri-ido","status":"publish","type":"post","link":"https:\/\/esperanto.berlin\/de\/journal55plus-pri-ido\/","title":{"rendered":"Ido f\u00fcr alle &#8211; Journal55plus"},"content":{"rendered":"<p><\/p>\n<h2>Wie das weltweite Sprachenproblem l\u00f6sen?<\/h2>\n<p>el <a href=\"http:\/\/www.verlag-apercu.de\/fileadmin\/ddb\/2016_11_18_seniorenjournal_mitte\/index.html#10\"> Journal55plus<\/a> por Mitte<\/p>\n<h1>Ido f\u00fcr alle<\/h1>\n<p>Wenn sie sich jeden Freitag im ver.di-Haus an der K\u00f6penicker Stra\u00dfe treffen, Kaffee kochen und Kuchen aufschneiden, dann haben die Vertreter der Berliner Ido-Gesellschaft, vorwiegend M\u00e4nner im Seniorenalter, eine Vision: Jedes Volk beh\u00e4lt seine Muttersprache und es gibt eine neutrale Fremdsprache f\u00fcr alle. Die Sprache w\u00e4re f\u00fcr alle gleicherma\u00dfen vertraut und fremd. Auch wenn sie nur wenige sind, die Berliner Idisten sind sich sicher: Das leicht zu erlernende Ido bietet sich an. Die Sprache, auf der Basis von Esperanto entwickelt, nimmt nach ihrer H\u00e4ufigkeit ausgew\u00e4hlte W\u00f6rter anderer Sprachen auf. Es gibt eine regelm\u00e4\u00dfige Satzstellung wie im Englischen und keine unregelm\u00e4\u00dfigen Verben, kein \u00df und keine Umlaute \u2013 von Fremdw\u00f6rtern abgesehen. Ido wird gesprochen, wie es geschrieben wird, es kennt keine stummen und Doppelbuchstaben und keine \u00dcberzeichen. Geschlechtsneutral ist es auch: La hundo ist ein m\u00e4nnlicher oder weiblicher Hund, hundino die H\u00fcndin, hundulo der R\u00fcde.<\/p>\n<p>Mit einer Fremdsprache f\u00fcr alle, so die Idisten, k\u00f6nne allein der Aufwand der \u00dcbersetzungen in Br\u00fcssel enorm verringert werden. Rudolf Gensch: \u201eDerzeit gibt es 27 Staaten mit 23 Amtssprachen, und es werden mehr&#8230; Eigentlich br\u00e4uchte man immer zwei \u00dcbersetzer in jede Richtung, aber wie viele Malteser gibt es, die litauisch k\u00f6nnen? Es stellt sich k\u00fcnftig immer mehr die Frage: W\u00e4hlt man Vertreter nach ihrer fachlichen oder nur nach sprachlicher Kompetenz?\u201c Was die Idisten zusammenf\u00fchrte, ist das lebenslange Interesse an Sprache, mit der sie meist beruflich gar nichts zu tun hatten. Eberhard Scholz war bis zum Alter von 62 Jahren Arbeiter in der Zuckerfabrik in Anklam. Er hatte sich schon dort in der Freizeit f\u00fcr Esperanto und das Plattdeutsche engagiert, bevor er mit seiner Frau in die N\u00e4he der S\u00f6hne und Enkel nach Friedrichsfelde zog. Der Urberliner G\u00fcnter Schlemminger, in K\u00f6penick zuHause, war Chemielehrer. Der Lichtenberger Rudolf Genschwar Stra\u00dfenbahnfahrer. \u00dcber Esperanto und Zeitungsartikel fanden sie zueinander und zur Ido-Gesellschaft, in der sie mit Interessierten weltweit kommunizieren. Jeder engagiert sich, wo er es am besten kann und mag: Seit elf Jahren geben sie das kleine Magazin \u201eIdo-Saluto\u201c heraus. G\u00fcnter Schlemminger \u00fcbersetzt Texte, \u201edie auf der Stra\u00dfe liegen\u201c und die sie bewegen. Rudolf Gensch verschickt das Heft \u201ein viele europ\u00e4ischen L\u00e4nder, nach Australien, China, Japan, Kanada, Mexiko und in die USA&#8230;\u201c<\/p>\n<p>Interessierte erhalten es zun\u00e4chst kostenfrei, dann mit der Bitte um Mitgliedschaft oder Spende. J\u00fcngere k\u00fcmmern sich um die Webseite und Eberhard Scholz kn\u00fcpft \u00fcber Facebook Kontakte zu Idisten rund um den Erdball. Wer nach Berlin kommt, erh\u00e4lt die gew\u00fcnschten Infos. Sie sind stets auf der Expolinguia im Russischen Haus vertreten, kn\u00fcpfen hier Kontakte und geben danach Ido-Unterricht. Nach zehn Seminaren k\u00f6nneman alleine weiterlernen, sagen sie. Auch am Kreativit\u00e4tsgymnasium haben sie schonmal ein Jahr unterrichtet, der Kontakt m\u00fcsste aufgefrischt werden. Wenn es finanziell geht, f\u00e4hrt mindestens einer zum j\u00e4hrlichen \u201eInternationalen Treffen\u201c. In diesem Jahr findet es in Valencia in Spanien statt. Eberhard Scholz ist dabei.<\/p>\n<p>Birgit N\u00f6\u00dfler<\/p>\n<p>Ido-Amiki Berlin c\/o verdi, FB 8, K\u00f6penicker Stra\u00dfe 30, 10179 Berlin www.ido.berlin.de<\/p>","protected":false},"excerpt":{"rendered":"<p>Wie das weltweite Sprachenproblem l\u00f6sen? el Journal55plus por Mitte Ido f\u00fcr alle Wenn sie sich jeden Freitag im ver.di-Haus an der K\u00f6penicker Stra\u00dfe treffen, Kaffee kochen und Kuchen aufschneiden, dann haben die Vertreter der Berliner Ido-Gesellschaft, vorwiegend M\u00e4nner im Seniorenalter, &hellip; <a href=\"https:\/\/esperanto.berlin\/de\/journal55plus-pri-ido\/\">Weiterlesen <span class=\"meta-nav\">&rarr;<\/span><\/a><\/p>\n","protected":false},"author":20,"featured_media":0,"comment_status":"open","ping_status":"open","sticky":false,"template":"","format":"standard","meta":{"footnotes":""},"categories":[4],"tags":[200,201],"jetpack_featured_media_url":"","jetpack_shortlink":"https:\/\/wp.me\/par8jA-1bo","_links":{"self":[{"href":"https:\/\/esperanto.berlin\/de\/wp-json\/wp\/v2\/posts\/4550"}],"collection":[{"href":"https:\/\/esperanto.berlin\/de\/wp-json\/wp\/v2\/posts"}],"about":[{"href":"https:\/\/esperanto.berlin\/de\/wp-json\/wp\/v2\/types\/post"}],"author":[{"embeddable":true,"href":"https:\/\/esperanto.berlin\/de\/wp-json\/wp\/v2\/users\/20"}],"replies":[{"embeddable":true,"href":"https:\/\/esperanto.berlin\/de\/wp-json\/wp\/v2\/comments?post=4550"}],"version-history":[{"count":3,"href":"https:\/\/esperanto.berlin\/de\/wp-json\/wp\/v2\/posts\/4550\/revisions"}],"predecessor-version":[{"id":4553,"href":"https:\/\/esperanto.berlin\/de\/wp-json\/wp\/v2\/posts\/4550\/revisions\/4553"}],"wp:attachment":[{"href":"https:\/\/esperanto.berlin\/de\/wp-json\/wp\/v2\/media?parent=4550"}],"wp:term":[{"taxonomy":"category","embeddable":true,"href":"https:\/\/esperanto.berlin\/de\/wp-json\/wp\/v2\/categories?post=4550"},{"taxonomy":"post_tag","embeddable":true,"href":"https:\/\/esperanto.berlin\/de\/wp-json\/wp\/v2\/tags?post=4550"}],"curies":[{"name":"wp","href":"https:\/\/api.w.org\/{rel}","templated":true}]}}