{"id":4844,"date":"2017-05-22T15:44:25","date_gmt":"2017-05-22T14:44:25","guid":{"rendered":"https:\/\/esperanto.berlin\/?p=4844"},"modified":"2017-05-31T13:55:40","modified_gmt":"2017-05-31T12:55:40","slug":"rotlicht-esperanto","status":"publish","type":"post","link":"https:\/\/esperanto.berlin\/de\/rotlicht-esperanto\/","title":{"rendered":"Rotlicht: Esperanto"},"content":{"rendered":"<p><a href=\"https:\/\/www.jungewelt.de\/artikel\/308508.rotlicht-esperanto.html\"><img loading=\"lazy\" decoding=\"async\" class=\" wp-image-4850 alignright\" src=\"https:\/\/esperanto.berlin\/wp-content\/uploads\/2017\/05\/Rotlicht-Esperanto-Junge-Welt.jpg\" alt=\"\" width=\"314\" height=\"316\" \/><\/a>Die\u00a0 in Berlin erscheinende Tageszeitung \u00bb<a href=\"http:\/\/www.jungewelt.de\/\">junge Welt<\/a>\u00ab hat v\u00f6llig unbemerkt in Ihrer Ausgabe vom 5. April 2017 einen Beitrag mit dem verwirrenden Titel\u00a0 \u00bb<a href=\"https:\/\/www.jungewelt.de\/artikel\/308508.rotlicht-esperanto.html\">Rotlicht Esperanto<\/a>\u00ab ver\u00f6ffentlicht.<\/p>\n<p>Die Autorin (?) Kahina Rabbaoui arbeitet sich redlich an den Fakten zu Esperanto ab und man ahnt, welche Quellen verwendet wurden. Allerdings nicht immer die allerneuesten. So wird f\u00fcr die leichte Lernbarkeit aus einer betagen Studie des \u00bbInstituts f\u00fcr kybernetische P\u00e4dagogik der Universit\u00e4t Paderborn\u00ab zitiert.<\/p>\n<p>\u00dcberraschend ist der letzte Abschnitt, der die Interlinguisten interssieren k\u00f6nnte:<\/p>\n<p style=\"padding-left: 30px;\">Als internationale Sprache ist Esperanto heute l\u00e4ngst von anderen Sprachen abgel\u00f6st worden, etwa den vor allem unter Jugendlichen beliebten sogenannten Emoji, Bildschriftzeichen, die per SMS oder Messengerdiensten verschickt werden k\u00f6nnen. Zwar bleiben hier Missverst\u00e4ndnisse aufgrund verschiedener kultureller Codes nicht aus. Die kleinen Zeichen sind dennoch auf dem Vormarsch. Sogar der erste Roman, Herman Melvilles \u00bbMoby Dick\u00ab, ist unter dem Titel \u00bb<a href=\"http:\/\/www.emojidick.com\/\">Emoji Dick<\/a>\u00ab bereits auf Emoji erschienen.<\/p>\n<p>Vielleicht wagt sich jemand an einen Esperanto-Kurs auf Emoji?<\/p>","protected":false},"excerpt":{"rendered":"<p>Die\u00a0 in Berlin erscheinende Tageszeitung \u00bbjunge Welt\u00ab hat v\u00f6llig unbemerkt in Ihrer Ausgabe vom 5. April 2017 einen Beitrag mit dem verwirrenden Titel\u00a0 \u00bbRotlicht Esperanto\u00ab ver\u00f6ffentlicht. Die Autorin (?) Kahina Rabbaoui arbeitet sich redlich an den Fakten zu Esperanto ab &hellip; <a href=\"https:\/\/esperanto.berlin\/de\/rotlicht-esperanto\/\">Weiterlesen <span class=\"meta-nav\">&rarr;<\/span><\/a><\/p>\n","protected":false},"author":20,"featured_media":0,"comment_status":"open","ping_status":"open","sticky":false,"template":"","format":"standard","meta":{"footnotes":""},"categories":[24],"tags":[243,244,245],"jetpack_featured_media_url":"","jetpack_shortlink":"https:\/\/wp.me\/par8jA-1g8","_links":{"self":[{"href":"https:\/\/esperanto.berlin\/de\/wp-json\/wp\/v2\/posts\/4844"}],"collection":[{"href":"https:\/\/esperanto.berlin\/de\/wp-json\/wp\/v2\/posts"}],"about":[{"href":"https:\/\/esperanto.berlin\/de\/wp-json\/wp\/v2\/types\/post"}],"author":[{"embeddable":true,"href":"https:\/\/esperanto.berlin\/de\/wp-json\/wp\/v2\/users\/20"}],"replies":[{"embeddable":true,"href":"https:\/\/esperanto.berlin\/de\/wp-json\/wp\/v2\/comments?post=4844"}],"version-history":[{"count":8,"href":"https:\/\/esperanto.berlin\/de\/wp-json\/wp\/v2\/posts\/4844\/revisions"}],"predecessor-version":[{"id":4877,"href":"https:\/\/esperanto.berlin\/de\/wp-json\/wp\/v2\/posts\/4844\/revisions\/4877"}],"wp:attachment":[{"href":"https:\/\/esperanto.berlin\/de\/wp-json\/wp\/v2\/media?parent=4844"}],"wp:term":[{"taxonomy":"category","embeddable":true,"href":"https:\/\/esperanto.berlin\/de\/wp-json\/wp\/v2\/categories?post=4844"},{"taxonomy":"post_tag","embeddable":true,"href":"https:\/\/esperanto.berlin\/de\/wp-json\/wp\/v2\/tags?post=4844"}],"curies":[{"name":"wp","href":"https:\/\/api.w.org\/{rel}","templated":true}]}}