{"id":4932,"date":"2017-06-13T16:58:57","date_gmt":"2017-06-13T15:58:57","guid":{"rendered":"https:\/\/esperanto.berlin\/?p=4932"},"modified":"2017-06-14T16:46:44","modified_gmt":"2017-06-14T15:46:44","slug":"gasto-bruselo-arema-2017","status":"publish","type":"post","link":"https:\/\/esperanto.berlin\/de\/gasto-bruselo-arema-2017\/","title":{"rendered":"G\u00e4ste im Arema"},"content":{"rendered":"<p>Das monatliche Treffen im <a href=\"https:\/\/esperanto.berlin\/de\/grupoj\/arema\/\">Arema <\/a>fand am Freitag, den 9. Juni statt. Es waren zwei Anf\u00e4nger in jugendlichem Alter gekommen. Aber am Ende blieben nur die Veteranten mit dem Gast aus Belgien, der das Foto geschickt hat. Er interessierte sich f\u00fcr den Radverkehr in Berlin und wird m\u00f6glicherweise dazu etwas ver\u00f6ffentlichen. Er ist unter anderem <a href=\"http:\/\/davidtrembla.blogspot.de\/\">Maler<\/a> und hat ein <a href=\"http:\/\/4.bp.blogspot.com\/-88IbJjPh71A\/Ucx2M4nCluI\/AAAAAAAAAJg\/b8OuO8kTPMs\/s320\/poster+BRUSELA+ZAM-FESTO+david+trembla.jpg\">Plakat f\u00fcr das Zamenhoffest in Br\u00fcssel<\/a> 2012 entworfen.<\/p>\n<p><div id=\"attachment_4933\" style=\"width: 810px\" class=\"wp-caption aligncenter\"><img loading=\"lazy\" decoding=\"async\" aria-describedby=\"caption-attachment-4933\" class=\"wp-image-4933\" src=\"https:\/\/esperanto.berlin\/wp-content\/uploads\/2017\/06\/20170609_221520_resized.jpg\" alt=\"\" width=\"800\" height=\"450\" \/><p id=\"caption-attachment-4933\" class=\"wp-caption-text\"><a href=\"https:\/\/esperantujo.directory\/uzanto\/david-trembla\">David Trembla<\/a>, Roland Schnell, Johano Pachter, Raimund Ried<\/p><\/div><\/p>","protected":false},"excerpt":{"rendered":"<p>Das monatliche Treffen im Arema fand am Freitag, den 9. Juni statt. Es waren zwei Anf\u00e4nger in jugendlichem Alter gekommen. Aber am Ende blieben nur die Veteranten mit dem Gast aus Belgien, der das Foto geschickt hat. Er interessierte sich &hellip; <a href=\"https:\/\/esperanto.berlin\/de\/gasto-bruselo-arema-2017\/\">Weiterlesen <span class=\"meta-nav\">&rarr;<\/span><\/a><\/p>\n","protected":false},"author":20,"featured_media":0,"comment_status":"open","ping_status":"open","sticky":false,"template":"","format":"standard","meta":{"footnotes":""},"categories":[250],"tags":[251,252,253],"jetpack_featured_media_url":"","jetpack_shortlink":"https:\/\/wp.me\/par8jA-1hy","_links":{"self":[{"href":"https:\/\/esperanto.berlin\/de\/wp-json\/wp\/v2\/posts\/4932"}],"collection":[{"href":"https:\/\/esperanto.berlin\/de\/wp-json\/wp\/v2\/posts"}],"about":[{"href":"https:\/\/esperanto.berlin\/de\/wp-json\/wp\/v2\/types\/post"}],"author":[{"embeddable":true,"href":"https:\/\/esperanto.berlin\/de\/wp-json\/wp\/v2\/users\/20"}],"replies":[{"embeddable":true,"href":"https:\/\/esperanto.berlin\/de\/wp-json\/wp\/v2\/comments?post=4932"}],"version-history":[{"count":6,"href":"https:\/\/esperanto.berlin\/de\/wp-json\/wp\/v2\/posts\/4932\/revisions"}],"predecessor-version":[{"id":4944,"href":"https:\/\/esperanto.berlin\/de\/wp-json\/wp\/v2\/posts\/4932\/revisions\/4944"}],"wp:attachment":[{"href":"https:\/\/esperanto.berlin\/de\/wp-json\/wp\/v2\/media?parent=4932"}],"wp:term":[{"taxonomy":"category","embeddable":true,"href":"https:\/\/esperanto.berlin\/de\/wp-json\/wp\/v2\/categories?post=4932"},{"taxonomy":"post_tag","embeddable":true,"href":"https:\/\/esperanto.berlin\/de\/wp-json\/wp\/v2\/tags?post=4932"}],"curies":[{"name":"wp","href":"https:\/\/api.w.org\/{rel}","templated":true}]}}