{"id":5003,"date":"2017-06-22T08:16:13","date_gmt":"2017-06-22T07:16:13","guid":{"rendered":"https:\/\/esperanto.berlin\/?p=5003"},"modified":"2017-06-22T18:46:20","modified_gmt":"2017-06-22T17:46:20","slug":"inspira-tombo","status":"publish","type":"post","link":"https:\/\/esperanto.berlin\/de\/inspira-tombo\/","title":{"rendered":"Inspirierendes Grab"},"content":{"rendered":"<p><a href=\"http:\/\/48-stunden-neukoelln.de\/\"><img loading=\"lazy\" decoding=\"async\" class=\" alignright\" src=\"http:\/\/48-stunden-neukoelln.de\/sites\/default\/files\/public\/48h-logoschwarzweb2017.png\" width=\"222\" height=\"81\" \/><\/a>Auf <a href=\"http:\/\/www.neukoellner.net\/kunst-kitsch\/schattentaenze-im-leichenkeller\/\">Neuk\u00f6llner.net<\/a> findet sich am 20. Juni 2017 die Ank\u00fcndigung f\u00fcr eine Kunstprojekt im Rahmen von <a href=\"http:\/\/48-stunden-neukoelln.de\/\">\u201e48 Stunden Neuk\u00f6lln\u201c<\/a> in der 1870 aus rotem Backstein erbauten, neogotischen Friedhofskapelle des Friedhofs St. Thomas.<\/p>\n<p>Es sind unter anderem Fotos von <a href=\"http:\/\/48-stunden-neukoelln.de\/de\/artist\/ariane-handrock\">Ariane Handrock<\/a> mit Grabmalkunst zu sehen. Sie gibt an, dass sie durch Esperanto auf diese Idee gekommen ist:<\/p>\n<div style=\"margin-left: 10px;\">\u201eAls ich noch im Richardkiez wohnte, kam ich dort manchmal am <a href=\"https:\/\/esperanto.berlin\/sommerfest-auf-dem-esperantoplatz-2\/\">Esperantoplatz <\/a>vorbei. Damals wusste ich nur, dass Esperanto eine erfundene Weltsprache ist.<\/div>\n<div style=\"margin-left: 10px;\"><\/div>\n<div style=\"margin-left: 10px;\">Bei einem Besuch des j\u00fcdischen Friedhofs im Warschauer Ortsteil Wola entdeckte ich dann das <a href=\"https:\/\/esperanto.berlin\/blankaj-rozoj-tombejo\/\">Grabmal des Esperanto-Erfinders Lazaro Ludoviko Zamenhof<\/a>, der von 1859 bis 1917 lebte. Es fiel mir wegen seines ungew\u00f6hnlichen Designs auf. Das machte mich so neugierig, dass ich anschlie\u00dfend \u00fcber den Verstorbenen und sein Grabmal recherchiert habe.\u201c<\/div>\n<p>Das Kunstfestival \u201e48 Stunden Neuk\u00f6lln\u201c findet vom 23. bis 25. Juni an vielen verschiedenen Orten im Bezirk statt und steht in diesem Jahr unter dem Motto: \u201eSchatten\u201c. neukoellner.net ist Medienpartner.<\/p>","protected":false},"excerpt":{"rendered":"<p>Auf Neuk\u00f6llner.net findet sich am 20. Juni 2017 die Ank\u00fcndigung f\u00fcr eine Kunstprojekt im Rahmen von \u201e48 Stunden Neuk\u00f6lln\u201c in der 1870 aus rotem Backstein erbauten, neogotischen Friedhofskapelle des Friedhofs St. Thomas. Es sind unter anderem Fotos von Ariane Handrock &hellip; <a href=\"https:\/\/esperanto.berlin\/de\/inspira-tombo\/\">Weiterlesen <span class=\"meta-nav\">&rarr;<\/span><\/a><\/p>\n","protected":false},"author":20,"featured_media":0,"comment_status":"open","ping_status":"open","sticky":false,"template":"","format":"standard","meta":{"footnotes":""},"categories":[11],"tags":[],"jetpack_featured_media_url":"","jetpack_shortlink":"https:\/\/wp.me\/par8jA-1iH","_links":{"self":[{"href":"https:\/\/esperanto.berlin\/de\/wp-json\/wp\/v2\/posts\/5003"}],"collection":[{"href":"https:\/\/esperanto.berlin\/de\/wp-json\/wp\/v2\/posts"}],"about":[{"href":"https:\/\/esperanto.berlin\/de\/wp-json\/wp\/v2\/types\/post"}],"author":[{"embeddable":true,"href":"https:\/\/esperanto.berlin\/de\/wp-json\/wp\/v2\/users\/20"}],"replies":[{"embeddable":true,"href":"https:\/\/esperanto.berlin\/de\/wp-json\/wp\/v2\/comments?post=5003"}],"version-history":[{"count":8,"href":"https:\/\/esperanto.berlin\/de\/wp-json\/wp\/v2\/posts\/5003\/revisions"}],"predecessor-version":[{"id":5013,"href":"https:\/\/esperanto.berlin\/de\/wp-json\/wp\/v2\/posts\/5003\/revisions\/5013"}],"wp:attachment":[{"href":"https:\/\/esperanto.berlin\/de\/wp-json\/wp\/v2\/media?parent=5003"}],"wp:term":[{"taxonomy":"category","embeddable":true,"href":"https:\/\/esperanto.berlin\/de\/wp-json\/wp\/v2\/categories?post=5003"},{"taxonomy":"post_tag","embeddable":true,"href":"https:\/\/esperanto.berlin\/de\/wp-json\/wp\/v2\/tags?post=5003"}],"curies":[{"name":"wp","href":"https:\/\/api.w.org\/{rel}","templated":true}]}}