{"id":5193,"date":"2017-09-24T15:30:30","date_gmt":"2017-09-24T14:30:30","guid":{"rendered":"https:\/\/esperanto.berlin\/?p=5193"},"modified":"2017-09-26T14:02:07","modified_gmt":"2017-09-26T13:02:07","slug":"weinhengst-turmstrasse","status":"publish","type":"post","link":"https:\/\/esperanto.berlin\/de\/weinhengst-turmstrasse\/","title":{"rendered":"Weinhengst, Hans (\u2020 1945 Berlin)"},"content":{"rendered":"<p><img loading=\"lazy\" decoding=\"async\" class=\"alignnone size-full wp-image-5197\" src=\"https:\/\/esperanto.berlin\/wp-content\/uploads\/2017\/09\/Ausschnitt-Taufbuch-klein.jpg\" alt=\"\" width=\"705\" height=\"150\" \/>Ein Eintrag im Taufbuch von <a href=\"https:\/\/de.wikipedia.org\/wiki\/Statzendorf\">Statzendorf <\/a>(Nieder\u00f6sterreich) vermerkt lediglich, dass der 1904 geborene <a href=\"https:\/\/de.wikipedia.org\/wiki\/Hans_Weinhengst\">Johannes Weinhengst<\/a> im Mai 1945 in Berlin gefallen sei.<\/p>\n<p style=\"text-align: left;\"><a href=\"http:\/\/www.denkmalprojekt.org\/dkm_deutschland\/berlin-spandau_in_den_kisseln.htm\"><img loading=\"lazy\" decoding=\"async\" class=\"size-medium alignright\" src=\"http:\/\/www.denkmalprojekt.org\/images\/KisselnKREUZ.JPG\" width=\"200\" height=\"266\" \/><\/a>Eine Recherche in der <a href=\"http:\/\/www.volksbund.de\/graebersuche.html\">Datenbank <\/a>des <a href=\"http:\/\/www.volksbund.de\/home.html\">Volksbunds Deutsche Kriegsgr\u00e4berf\u00fcrsorge e.V.<\/a> von Robert Weemeyer ergab, das sich sein Grab im Friedhof \u00bbIn den Kisseln\u00ab in Spandau befindet: Block 113 Reihe 3 Grab 28. Es gibt dort eine <a href=\"http:\/\/www.volksbund.de\/kriegsgraeberstaette\/berlin-spandau-in-den-kisseln.html\">Gedenkst\u00e4tte f\u00fcr Kriegsopfer<\/a>. Der <a href=\"http:\/\/www.tagesspiegel.de\/berlin\/berlin-erinnert-sich-gedenken-an-gefallene-wehrmachtssoldaten\/11747112.html\">Tagesspiegel vom 8. Mai 2015 <\/a>schreibt dazu:<\/p>\n<p style=\"padding-left: 30px;\"><em>Der gr\u00f6\u00dfte Friedhof f\u00fcr Kriegsopfer ist der Spandauer \u201eSoldatenfriedhof\u201c In den Kisseln. Von den 6000 Toten, so sch\u00e4tzt Wernicke, sind rund ein Drittel Wehrmachtsangeh\u00f6rige. Auch Zwangsarbeiter aus den von der Wehrmacht besetzten Gebieten, Bombenopfer und Fl\u00fcchtlinge aus dem Osten liegen hier begraben, jede Opfergruppe in ihrer eigenen \u201eAbteilung\u201c. Auf dem zentralen Gedenkplatz steht ein sieben Meter hohes Kreuz aus Sandstein.<\/em><\/p>\n<p>In der Seite eines <a href=\"http:\/\/www.denkmalprojekt.org\/\">Denkmalprojekts\u00a0<\/a> von Ahnenforschern findet sich im <a href=\"http:\/\/www.denkmalprojekt.org\/dkm_deutschland\/bspandau_kisseln113.htm\">Ehrenfeld 113<\/a> der Name \u00bbWeinhengst J.\u00ab mit der Angabe 1939-1945. Das <a href=\"https:\/\/www.berlin.de\/ba-spandau\/politik-und-verwaltung\/aemter\/strassen-und-gruenflaechenamt\/friedhoefe\/artikel.260099.php\">Gr\u00fcnfl\u00e4chenamt Spandau<\/a> informiert:<\/p>\n<p style=\"padding-left: 30px;\"><strong>Abteilung 113<\/strong><br \/>\nHier ruhen \u00fcberwiegend deutsche Soldaten und Polizeibeamte.<\/p>\n<p>Damit k\u00f6nnte gekl\u00e4rt sein, auf welcher Seite er gek\u00e4mpft hat.<\/p>\n<p>Hans Weinhengst war Mitglied der Sozialdemokratischen Partei und im <a title=\"Widerstand (Politik)\" href=\"https:\/\/de.wikipedia.org\/wiki\/Widerstand_%28Politik%29\">Widerstandskampf<\/a> der \u00f6sterreichischen Arbeiter gegen den Faschismus aktiv. Er lebte mit seiner Ehefrau und einer Tochter in \u00e4rmlichen Verh\u00e4ltnissen im 10. Wiener Gemeindebezirk <a title=\"Favoriten\" href=\"https:\/\/de.wikipedia.org\/wiki\/Favoriten\">Favoriten<\/a>.<\/p>\n<p>Nachdem er nach und nach autodidaktisch Englisch, Latein, Holl\u00e4ndisch und Ungarisch gelernt hatte, hat er laut \u00bb<a href=\"https:\/\/eo.wikipedia.org\/wiki\/Historio_de_Esperanto_(Courtinat)\">Historio de Esperanto<\/a>\u00ab 1920 Esperanto gelernt. Er ver\u00f6ffentlichte in den Zeitschriften von SAT.<\/p>\n<p>Er wurde zu einem f\u00fchrenden Mitglied der sozialistischen Esperanto-Bewegung, \u00fcbersetzte <a title=\"Arbeiterlied\" href=\"https:\/\/de.wikipedia.org\/wiki\/Arbeiterlied\">Arbeiterlieder<\/a> und ver\u00f6ffentlichte Lyrik und Erz\u00e4hlungen in Esperanto. Er schrieb regelm\u00e4\u00dfig in der in Paris erscheinenden Zeitschrift <i>Internacia Socialisto Esperantista, <\/i>etwa im Jahr 1933 mit einem Artikel gegen den Krieg.<\/p>\n<p>Bei dieser Biografie w\u00fcrde man sich w\u00fcnschen, dass er auf der \u00bbrichtigen Seite\u00ab sein Leben geopfert hat.<\/p>\n<p><img loading=\"lazy\" decoding=\"async\" class=\" alignright\" src=\"http:\/\/esperanto.net\/literaturo\/roman\/libr\/turstrat4.jpg\" width=\"165\" height=\"243\" \/>Sein Roman <i>Turstrato 4<\/i>\u00a0 wurde 1934 vom ungarischen Esperanto-<a title=\"Verlag\" href=\"https:\/\/de.wikipedia.org\/wiki\/Verlag\">Verlag<\/a> <a class=\"new\" title=\"Literatura Monda (Seite nicht vorhanden)\" href=\"https:\/\/de.wikipedia.org\/w\/index.php?title=Literatura_Monda&amp;action=edit&amp;redlink=1\">Literatura\u00a0 Monda<\/a>\u00a0 ver\u00f6ffentlicht.<\/p>\n<p>Courtinat schrieb 1964 in \u00bbHistorio de Esperanto\u00ab dazu:<\/p>\n<p style=\"padding-left: 30px;\">Rakonto pri la vivo de malri\u0109a familio en laborista kvartalo de Vieno. La rakonto estas tute malgaja. \u011ci ne pla\u0109as en la ordinara senco de l&#8217; vorto sed \u011di estas tamen bona libro. La a\u016dtoro volas montri al li kia estas la vivo en la mallumaj anguloj de nia socio. Sed la a\u016dtoro ne proponas sian solvon de la problemo pro tio, la libro donas impreson de plena rezigno, malkura\u011do. Tamen \u011di estas vere serioze verkita kaj havas celon kaj sencon. La stilo estas bona.<\/p>\n<div style=\"border: 1px solid green; padding: 10pt; background-color: white;\">Das Buch ist auch in der Berliner Esperanto-Bibliothek vorhanden und kann w\u00e4hrend der <a href=\"https:\/\/esperanto.berlin\/grupoj\/donnerstagsrunde\/\">\u0134a\u016dda rondo <\/a>(immer donnerstags) eingesehen und ausgeliehen werden.<\/div>\n<div style=\"width: 166px\" class=\"wp-caption alignleft\"><a href=\"http:\/\/www.bildarchivaustria.at\/Pages\/ImageDetail.aspx?p_iBildID=10239039\"><img loading=\"lazy\" decoding=\"async\" src=\"http:\/\/www.bildarchivaustria.at\/Bildarchiv\/\/ESP\/3\/B10239039T10239044.jpg\" alt=\"\" width=\"156\" height=\"250\" \/><\/a><p class=\"wp-caption-text\">\u00d6sterreichische Nationalbibliothek &#8211; Hans Weinhengst, 1940<\/p><\/div>\n<p>In seiner \u00bbConcise Encyclopedia of the Original Literature of Esperanto, 1887-2007\u00ab stellt Geoffry Sutton auf<a href=\"https:\/\/books.google.de\/books?id=-Z_8CG9g2jIC&amp;pg=PA165&amp;lpg=PA165&amp;dq=Weinhengst&amp;source=bl&amp;ots=pX-I0MgOhm&amp;sig=7GW1_oSpl8D3dAkhW1krzDzOmdc&amp;hl=de&amp;sa=X&amp;ved=0ahUKEwjEsLznvYTWAhWCh7QKHceQANo4ChDoAQg9MAU#v=onepage&amp;q&amp;f=false\"> Seite 165<\/a> in eine Reihe mit Varankin, der ja auch einen besonderen Bezug zu Berlin hat. Gerd Bussing hat darauf hingewiesen, dass Weinhengst bei Sutton noch als &#8220;verschollen&#8221; nach dem Anschluss \u00d6sterreichs gef\u00fchrt wird.<\/p>\n<p>Der Roman wurde von Christian Cimpa \u00fcbersetzt und erscheint im Herbst 2017\u00a0 im Wiener Verlag <a title=\"Edition Atelier\" href=\"https:\/\/de.wikipedia.org\/wiki\/Edition_Atelier\">Edition Atelier<\/a> mit einem Nachwort von Kurt Lhotzky.<\/p>\n<p>Es gibt eine<\/p>\n<h2>Einladung: Buchpr\u00e4sentation &#8220;Turmstra\u00dfe 4&#8221;<\/h2>\n<h2>am Donnerstag, 21. September, 19.00 Uhr<\/h2>\n<p>Verein f\u00fcr Geschichte der ArbeiterInnenbewegung (VGA)<\/p>\n<p>Rechte Wienzeile 97, A-1050 Wien<\/p>\n<p>Begr\u00fc\u00dfung: Georg Spitaler (VGA)<\/p>\n<p>Lesung aus dem Roman (Esperanto und Deutsch): Christian Cimpa (\u00dcbersetzer) Gespr\u00e4ch \u00fcber Hans Weinhengst, die Arbeiterbewegung und die Geschichte des Esperanto: Kurt Lhotzky (Nachwort) &amp; Christian Cimpa Moderation: Jorghi Poll (Edition Atelier)<\/p>\n<p>Es heisst zum Inhalt:<\/p>\n<h2><img loading=\"lazy\" decoding=\"async\" class=\" alignright\" src=\"http:\/\/www.editionatelier.at\/system\/html\/Weinhengst_Turmstrasse_4_Cover2D_web-d5ad474c.jpg\" width=\"204\" height=\"337\" \/><\/h2>\n<p style=\"padding-left: 30px;\">Turmstra\u00dfe 4. Alles k\u00f6nnte so einfach sein f\u00fcr Martha und Karl, doch das Leben legt ihnen nur Steine in den Weg. W\u00e4hrend sie unter ihrem gewaltt\u00e4tigen und kriegstraumatisierten Vater leidet, findet er seit Jahren keine Arbeit und kann seine Eltern und Geschwister nicht unterst\u00fctzen. Die Gr\u00fcndung einer gemeinsamen Familie r\u00fcckt ohnehin immer mehr in die Ferne, sie leiden Hunger und K\u00e4lte, die Not scheint kein Ende zu nehmen. So wie dem jungen Paar geht es vielen Menschen in Wien zu Beginn der 1930er-Jahre. Die beiden fassen schlie\u00dflich einen folgenschweren Entschluss.<\/p>\n<p style=\"padding-left: 30px;\">Turmstra\u00dfe 4 ist eine ungesch\u00f6nte und herzzerrei\u00dfende Sozialstudie der Arbeiterklasse, die neben bitterer Verzweiflung auch Hoffnung zeigt.<\/p>\n<p>Es gibt ein Video zum Buch<\/p>\n<p><iframe loading=\"lazy\" title=\"Turmstra\u00dfe 4 - Vorschauvideo\" width=\"640\" height=\"480\" src=\"https:\/\/www.youtube.com\/embed\/iLmZxUxsq3s?feature=oembed\" frameborder=\"0\" allow=\"accelerometer; autoplay; clipboard-write; encrypted-media; gyroscope; picture-in-picture; web-share\" referrerpolicy=\"strict-origin-when-cross-origin\" allowfullscreen><\/iframe><\/p>\n<p>Turmstrasse 4 haben wir auch in Berlin. Es ist in Moabit gegen\u00fcber dem Amtgericht Tiergarten und Sitz eines <a href=\"https:\/\/www.taiko-sushi.de\/\">Sushi-Lieferdienstes<\/a>. Direkt daneben liegt die <a href=\"http:\/\/www.dorotheenstaedtische-buchhandlung.de\/\">Dorotheenst\u00e4dtische Buchhandlung, <\/a>die auch Lesungen veranstaltet.<\/p>","protected":false},"excerpt":{"rendered":"<p>Ein Eintrag im Taufbuch von Statzendorf (Nieder\u00f6sterreich) vermerkt lediglich, dass der 1904 geborene Johannes Weinhengst im Mai 1945 in Berlin gefallen sei. Eine Recherche in der Datenbank des Volksbunds Deutsche Kriegsgr\u00e4berf\u00fcrsorge e.V. von Robert Weemeyer ergab, das sich sein Grab &hellip; <a href=\"https:\/\/esperanto.berlin\/de\/weinhengst-turmstrasse\/\">Weiterlesen <span class=\"meta-nav\">&rarr;<\/span><\/a><\/p>\n","protected":false},"author":8,"featured_media":0,"comment_status":"open","ping_status":"open","sticky":false,"template":"","format":"standard","meta":{"footnotes":""},"categories":[19],"tags":[],"jetpack_featured_media_url":"","jetpack_shortlink":"https:\/\/wp.me\/par8jA-1lL","_links":{"self":[{"href":"https:\/\/esperanto.berlin\/de\/wp-json\/wp\/v2\/posts\/5193"}],"collection":[{"href":"https:\/\/esperanto.berlin\/de\/wp-json\/wp\/v2\/posts"}],"about":[{"href":"https:\/\/esperanto.berlin\/de\/wp-json\/wp\/v2\/types\/post"}],"author":[{"embeddable":true,"href":"https:\/\/esperanto.berlin\/de\/wp-json\/wp\/v2\/users\/8"}],"replies":[{"embeddable":true,"href":"https:\/\/esperanto.berlin\/de\/wp-json\/wp\/v2\/comments?post=5193"}],"version-history":[{"count":28,"href":"https:\/\/esperanto.berlin\/de\/wp-json\/wp\/v2\/posts\/5193\/revisions"}],"predecessor-version":[{"id":5310,"href":"https:\/\/esperanto.berlin\/de\/wp-json\/wp\/v2\/posts\/5193\/revisions\/5310"}],"wp:attachment":[{"href":"https:\/\/esperanto.berlin\/de\/wp-json\/wp\/v2\/media?parent=5193"}],"wp:term":[{"taxonomy":"category","embeddable":true,"href":"https:\/\/esperanto.berlin\/de\/wp-json\/wp\/v2\/categories?post=5193"},{"taxonomy":"post_tag","embeddable":true,"href":"https:\/\/esperanto.berlin\/de\/wp-json\/wp\/v2\/tags?post=5193"}],"curies":[{"name":"wp","href":"https:\/\/api.w.org\/{rel}","templated":true}]}}