{"id":5296,"date":"2017-09-07T19:39:13","date_gmt":"2017-09-07T18:39:13","guid":{"rendered":"https:\/\/esperanto.berlin\/?p=5296"},"modified":"2017-09-07T19:39:13","modified_gmt":"2017-09-07T18:39:13","slug":"informo-de-stabi","status":"publish","type":"post","link":"https:\/\/esperanto.berlin\/de\/informo-de-stabi\/","title":{"rendered":"Info der Stabi"},"content":{"rendered":"<p><\/p>\n<p id=\"yui_3_15_0_1_1504808529882_520\" class=\"ygrps-yiv-1976269821MsoNormal\"><span id=\"yui_3_15_0_1_1504808529882_519\"><a href=\"http:\/\/blog.sbb.berlin\/eine-sprache-fuer-voelkerverstaendigung-fuer-frieden-fuer-kulturaustausch\/\"><img loading=\"lazy\" decoding=\"async\" class=\"alignright\" src=\"http:\/\/blog.sbb.berlin\/wp-content\/uploads\/stabi-logo-kante.png\" alt=\"\" width=\"233\" height=\"62\" \/><\/a>Im\u00a0 <a id=\"yui_3_15_0_1_1504808529882_518\" href=\"http:\/\/blog.sbb.berlin\/eine-sprache-fuer-voelkerverstaendigung-fuer-frieden-fuer-kulturaustausch\/\" target=\"_blank\" rel=\"nofollow noopener\" data-rapid_p=\"1\">Blog der Staatsbibliothek Berlin<\/a> gibt es ein Interview mit Fritz Wollenberg zu dem <a href=\"http:\/\/staatsbibliothek-berlin.de\/aktuelles\/wissenswerkstatt\/?action=details&amp;client=1&amp;appointment=319\">Werkstattgespr\u00e4ch am 21. September 2017<\/a>.<br \/>\n<\/span><\/p>\n<p class=\"ygrps-yiv-1976269821MsoNormal\"><span id=\"yui_3_15_0_1_1504808529882_519\">Die Fragen stellte Friederike Schmidt aus dem Bereich \u201e Medien und Kommunikation der Stiftung Preu\u00dfischer Kulturbesitz\u201c. Sie geh\u00f6rt auch zur Redaktion des\u00a0 <a href=\"https:\/\/www.preussischer-kulturbesitz.de\/newsroom\/abos\/spk-newsletter.html\">spk-newsletter<\/a>, der in n\u00e4chsten Ausgabe dar\u00fcber berichten wird.<br \/>\n<\/span><\/p>\n<p>Auch die <span id=\"yui_3_15_0_1_1504808529882_519\">\u00a0Stiftung Preu\u00dfischer Kulturbesitz\u00a0 hat in ihrem <a id=\"yui_3_15_0_1_1504808529882_782\" href=\"https:\/\/www.preussischer-kulturbesitz.de\/nc\/rss-detail\/news\/2017\/08\/14\/esperanto-eine-sprache-die-begeistert-werkstattgespraech-am-219.html\" target=\"_blank\" rel=\"nofollow noopener\" data-rapid_p=\"4\">Blog<\/a> die Veranstaltung erw\u00e4hnt.<br \/>\n<\/span><\/p>\n<p id=\"yui_3_15_0_1_1504808529882_738\" class=\"ygrps-yiv-1976269821MsoNormal\"><span id=\"yui_3_15_0_1_1504808529882_774\">Mag. Bernhard Tuider vom der \u00d6sterreichischen Nationalbibliothek (\u00d6NB) in Wien hat mitgeteilt, dass das \u201eJubilea Libro\u201c dort im Freihandbereich der Plansprachensammlung de \u00d6NB steht und w\u00e4hrend der \u00d6ffnungszeiten eingesehen werden kann.<\/span><span id=\"yui_3_15_0_1_1504808529882_737\" lang=\"EN-US\"><\/span><\/p>\n<p>Zum <span id=\"yui_3_15_0_1_1504808529882_774\">\u201e<a href=\"https:\/\/esperanto.berlin\/jubilea-libro-de-eabb-aperas-en-aprilo\/\">Jubilea Libro<\/a>\u201c <\/span><\/p>","protected":false},"excerpt":{"rendered":"<p>Im\u00a0 Blog der Staatsbibliothek Berlin gibt es ein Interview mit Fritz Wollenberg zu dem Werkstattgespr\u00e4ch am 21. September 2017. Die Fragen stellte Friederike Schmidt aus dem Bereich \u201e Medien und Kommunikation der Stiftung Preu\u00dfischer Kulturbesitz\u201c. Sie geh\u00f6rt auch zur Redaktion &hellip; <a href=\"https:\/\/esperanto.berlin\/de\/informo-de-stabi\/\">Weiterlesen <span class=\"meta-nav\">&rarr;<\/span><\/a><\/p>\n","protected":false},"author":20,"featured_media":0,"comment_status":"open","ping_status":"open","sticky":false,"template":"","format":"standard","meta":{"footnotes":""},"categories":[42,4,5],"tags":[],"jetpack_featured_media_url":"","jetpack_shortlink":"https:\/\/wp.me\/par8jA-1nq","_links":{"self":[{"href":"https:\/\/esperanto.berlin\/de\/wp-json\/wp\/v2\/posts\/5296"}],"collection":[{"href":"https:\/\/esperanto.berlin\/de\/wp-json\/wp\/v2\/posts"}],"about":[{"href":"https:\/\/esperanto.berlin\/de\/wp-json\/wp\/v2\/types\/post"}],"author":[{"embeddable":true,"href":"https:\/\/esperanto.berlin\/de\/wp-json\/wp\/v2\/users\/20"}],"replies":[{"embeddable":true,"href":"https:\/\/esperanto.berlin\/de\/wp-json\/wp\/v2\/comments?post=5296"}],"version-history":[{"count":2,"href":"https:\/\/esperanto.berlin\/de\/wp-json\/wp\/v2\/posts\/5296\/revisions"}],"predecessor-version":[{"id":5298,"href":"https:\/\/esperanto.berlin\/de\/wp-json\/wp\/v2\/posts\/5296\/revisions\/5298"}],"wp:attachment":[{"href":"https:\/\/esperanto.berlin\/de\/wp-json\/wp\/v2\/media?parent=5296"}],"wp:term":[{"taxonomy":"category","embeddable":true,"href":"https:\/\/esperanto.berlin\/de\/wp-json\/wp\/v2\/categories?post=5296"},{"taxonomy":"post_tag","embeddable":true,"href":"https:\/\/esperanto.berlin\/de\/wp-json\/wp\/v2\/tags?post=5296"}],"curies":[{"name":"wp","href":"https:\/\/api.w.org\/{rel}","templated":true}]}}