{"id":5360,"date":"2017-09-28T15:19:47","date_gmt":"2017-09-28T14:19:47","guid":{"rendered":"https:\/\/esperanto.berlin\/?p=5360"},"modified":"2017-10-07T13:01:38","modified_gmt":"2017-10-07T12:01:38","slug":"rathenau-kaj-kliemke","status":"publish","type":"post","link":"https:\/\/esperanto.berlin\/de\/rathenau-kaj-kliemke\/","title":{"rendered":"Rathenau und Kliemke"},"content":{"rendered":"<p>Der Berliner <a href=\"http:\/\/www.tagesspiegel.de\/kultur\/zum-150-geburtstag-von-walther-rathenau-die-zerrissenheit-eines-zeitalters\/20387190.html\">Tagesspiegel <\/a>erinnert am 28. September 2017 an den Geburtstag von <a href=\"http:\/\/www.rathenau.ch\/\">Walter Rathenau<\/a> vor 150 Jahren. Er wurde am 24. Juni 1922 von Rechtsradikalen<a href=\"https:\/\/tools.wmflabs.org\/geohack\/geohack.php?pagename=Walther_Rathenau&amp;language=de&amp;params=52.49062_N_13.276334_E_region:DE-BE_type:landmark&amp;title=Tatort+der+Ermordung+Walther+Rathenaus\"> in der K\u00f6nigsallee ermordet<\/a>.<\/p>\n<p>Rathenau ist eine der wenigen Pers\u00f6nlichkeiten, die nachweislich mit einem Esperantisten Kontakt hatten. Der Berliner <a href=\"https:\/\/esperanto.berlin\/ein-inspirierender-berliner-ernst-kliemke\/\">Ernst Kliemke<\/a> begleitete Rathenau 1907 beim Besuch des Staatsekret\u00e4rs Dernburg in der Kolonie Ostafrika. Kliemke war damals Direktor der Ostafrikanischen Eisenbahngesellschaft. Er verstand es der Delegation mit wohlgesetzten Worten die Finanzierung des Weiterbaus bis zum Tanganjikasee schmackhaft zu machen. Rathenau ist auf die Rolle der Eisenbahn im Kapitel \u00bbDeutsch-Ostafrika\u00ab seines Buches \u00bb<a href=\"https:\/\/archive.org\/details\/reflexionen00rath\">Reflexionen<\/a>\u00ab (Seite 173 ff) eingegangen. Man darf annehmen, dass die sachkundigen Ausf\u00fchrungen nicht ohne Beratung mit dem Direktor der Ostafrikanischen Eisenbahngesellschaft entstanden sind. Niedergeschrieben 1907 auf dem Dampfer \u00bbPrinzregent\u00ab auf dem Weg von Daressalam nach Neapel.<\/p>\n<p>Gerade war die Strecke von Daressalam bis Morogoro fertig geworden, aber sie w\u00fcrde sich nur rechnen, wenn sie nicht nur eine Stichstrecke f\u00fcr Ausfl\u00fcge ins Gebirge blieb. Wenige Wochen vor dem Ersten Weltkrieg wurde die Bahn fertig und konnte zum Transport eines Dampfschiffs benutzt werden. Die heute noch verkehrende <a href=\"https:\/\/de.wikipedia.org\/wiki\/Liemba_(Schiff)\">Liemba <\/a>war von der Meyer-Weft in Papenburg gebaut, zerlegt und in hunderten Kisten verpackt nach Afrika geliefert worden.<\/p>\n<p>Da hatte Ernst Kliemke seinen Posten bei der Ostafrikanischen Eisenbahn schon aufgegeben und bet\u00e4tigte sich als freier Schriftsteller.\u00a0 Er hatte schon vorher kleinere Beitr\u00e4ge, auch \u00fcber Esperanto, in heute kaum noch bekannten Zeitschriften ver\u00f6ffentlicht und war in der Berliner Gruppe aktiv. Er war Mitarbeiter der Zeitschrift \u00bbRund um die Welt\u00ab, in der er 1911 einen Beitrag unter dem Titel \u00bb<a href=\"http:\/\/anno.onb.ac.at\/cgi-content\/anno-plus?aid=e0d&amp;datum=1911&amp;page=7&amp;size=45&amp;qid=CPDYBDUR2IFZA80EGHFAR3DASLDD17\">Esperanto und der Kaufmann<\/a>\u00ab ver\u00f6ffentlichte.<\/p>\n<p>1925 wurde er zum Vorsitzenden des Deutschen Esperanto-Bundes gew\u00e4hlt.<\/p>\n<p>1926 betreute er die \u00bbBiblioteko Tutmonda\u00ab und gibt als Kontaktadresse Sch\u00fctzenstrasse 24 in Berlin SW 68 an.<\/p>\n<p>Er starb am 20. Februar 1929 in Berlin an einer Darmverschlingung. Im &#8220;Germana Esperantisto&#8221; vom M\u00e4rz 1929 gibt es einen ausf\u00fchrlichen Nekrolog mit seinen Ver\u00f6ffentlichungen.<\/p>\n<p>http:\/\/anno.onb.ac.at\/cgi-content\/anno-plus?aid=e1a&#038;datum=1929&#038;page=41&#038;size=45&#038;qid=M1FGE5PLSEZKWRIRDWR0LNBLVHFWXN<\/p>\n<p>http:\/\/anno.onb.ac.at\/cgi-content\/anno-plus?aid=e1a&#038;datum=1929&#038;page=42&#038;size=45&#038;qid=M1FGE5PLSEZKWRIRDWR0LNBLVHFWXN<\/p>\n<p>Noch bevor Kliemke in den Dienst der Finanz- und Kolonialwirtschaft trat, interessierte er sich f\u00fcr Literatur. Er war im Vorstand einer \u00bblitterarischen\u00ab Gesellschaft und schrieb selbst Gedichte, wie dieses:<\/p>\n<p><img loading=\"lazy\" decoding=\"async\" class=\"alignnone size-full wp-image-5398\" src=\"https:\/\/esperanto.berlin\/wp-content\/uploads\/2017\/09\/leichter-sinn-zuschaue-1893-no-7-se\u00b4206-sauber.png\" alt=\"\" width=\"398\" height=\"255\" \/><\/p>\n<p><a href=\"https:\/\/www.deutsche-digitale-bibliothek.de\/item\/62CBJ3ZHIP33M7ZJQQSZEJWYFOQQACVI\">Erschienen <\/a>in der Novemberausgabe der Zeitschrift \u00bbDer Zuschauer\u00ab 1893<\/p>\n<p>&nbsp;<\/p>","protected":false},"excerpt":{"rendered":"<p>Der Berliner Tagesspiegel erinnert am 28. September 2017 an den Geburtstag von Walter Rathenau vor 150 Jahren. Er wurde am 24. Juni 1922 von Rechtsradikalen in der K\u00f6nigsallee ermordet. Rathenau ist eine der wenigen Pers\u00f6nlichkeiten, die nachweislich mit einem Esperantisten &hellip; <a href=\"https:\/\/esperanto.berlin\/de\/rathenau-kaj-kliemke\/\">Weiterlesen <span class=\"meta-nav\">&rarr;<\/span><\/a><\/p>\n","protected":false},"author":20,"featured_media":0,"comment_status":"open","ping_status":"open","sticky":false,"template":"","format":"standard","meta":{"footnotes":""},"categories":[1],"tags":[],"jetpack_featured_media_url":"","jetpack_shortlink":"https:\/\/wp.me\/par8jA-1os","_links":{"self":[{"href":"https:\/\/esperanto.berlin\/de\/wp-json\/wp\/v2\/posts\/5360"}],"collection":[{"href":"https:\/\/esperanto.berlin\/de\/wp-json\/wp\/v2\/posts"}],"about":[{"href":"https:\/\/esperanto.berlin\/de\/wp-json\/wp\/v2\/types\/post"}],"author":[{"embeddable":true,"href":"https:\/\/esperanto.berlin\/de\/wp-json\/wp\/v2\/users\/20"}],"replies":[{"embeddable":true,"href":"https:\/\/esperanto.berlin\/de\/wp-json\/wp\/v2\/comments?post=5360"}],"version-history":[{"count":10,"href":"https:\/\/esperanto.berlin\/de\/wp-json\/wp\/v2\/posts\/5360\/revisions"}],"predecessor-version":[{"id":5399,"href":"https:\/\/esperanto.berlin\/de\/wp-json\/wp\/v2\/posts\/5360\/revisions\/5399"}],"wp:attachment":[{"href":"https:\/\/esperanto.berlin\/de\/wp-json\/wp\/v2\/media?parent=5360"}],"wp:term":[{"taxonomy":"category","embeddable":true,"href":"https:\/\/esperanto.berlin\/de\/wp-json\/wp\/v2\/categories?post=5360"},{"taxonomy":"post_tag","embeddable":true,"href":"https:\/\/esperanto.berlin\/de\/wp-json\/wp\/v2\/tags?post=5360"}],"curies":[{"name":"wp","href":"https:\/\/api.w.org\/{rel}","templated":true}]}}