{"id":5632,"date":"2018-03-31T16:36:36","date_gmt":"2018-03-31T15:36:36","guid":{"rendered":"https:\/\/esperanto.berlin\/?p=5632"},"modified":"2018-04-02T18:34:19","modified_gmt":"2018-04-02T17:34:19","slug":"veg-gressillon","status":"publish","type":"post","link":"https:\/\/esperanto.berlin\/de\/veg-gressillon\/","title":{"rendered":"Esperanto Schloss Gr\u00e9sillon vegan"},"content":{"rendered":"<p><img loading=\"lazy\" decoding=\"async\" class=\"alignnone size-medium\" src=\"http:\/\/gresillon.org\/local\/cache-gd2\/c59bf3e059fdcc1f86514872d60b8583.jpg\" width=\"1110\" height=\"350\" \/>Wer bei franz\u00f6sischem Essen an <a href=\"https:\/\/de.wikipedia.org\/wiki\/B%C5%93uf_bourguignon\">B\u0153uf bourguignon<\/a> oder <a href=\"https:\/\/de.wikipedia.org\/wiki\/Bressehuhn\">Poulet de Bresse<\/a> denkt, sollte im Mai nicht das Esperanto-Schloss Gr\u00e9sillon besuchen. Unter dem Dach dieses Geb\u00e4udes wird seit Jahrzehnten ein Esperanto-Kulturzentrum <a href=\"http:\/\/gresillon.org\">(gresillon.org<\/a>) mit einem vielf\u00e4ltigen Angebot betrieben.<\/p>\n<p>Die \u00bbSchlossherrin\u00ab Natalie Kesler <a href=\"https:\/\/esperanto.berlin\/de\/salutoj-de-gresillon\/\">war im Sommer 2017 in Berlin<\/a> auf der Durchreise zum Esperanto-Weltkongress nach Korea und hat Informationsbl\u00e4tter verteilt.<\/p>\n<p><a href=\"http:\/\/gresillon.org\/spip.php?article189&amp;lang=de\"><img loading=\"lazy\" decoding=\"async\" class=\"size-medium alignright\" src=\"http:\/\/gresillon.org\/IMG\/png\/revelogbildo.png\" width=\"240\" height=\"205\" \/><\/a>Vom 9. bis 13. Mai 2018 findet dort das ReVo statt, was ausgeschrieben Renkonti\u011do Vegana (<a href=\"http:\/\/gresillon.org\/spip.php?rubrique51&amp;lang=de\">Veganer Treffen<\/a>) bedeutet.<\/p>\n<p>Jeweils am Vormittag wird es Vortr\u00e4ge zu folgenden Themen geben<\/p>\n<ul>\n<li>Vegetarismus aus anthropologischer Sicht<\/li>\n<li>Die letzten f\u00fcnf Jahrzehnte des Vegetarismus<\/li>\n<li>Vegetarismus und Gesundheit<\/li>\n<li>Vegetarismus und Anarchie<\/li>\n<\/ul>\n<p>Am Nachmittag kann man die Kunst veganer K\u00fcche erlernen.<\/p>\n<p>Es wird die mit Esperanto-Untertiteln versehene Version eines Films (70 min) mit dem Titel \u00bbEmpatio\u00ab gezeigt.<\/p>\n<p>Aus Berlin wird Gary Mickle teilnehmen, der dort \u00fcber das Verh\u00e4ltnis zum Vegetarismus beim\u00a0 ISK (<a href=\"https:\/\/de.wikipedia.org\/wiki\/Internationaler_Sozialistischer_Kampfbund\">Internationaler Sozialistischer Kampfbund<\/a>) in den 1920er und 1930er Jahren berichten wird. Der ISK war gegen\u00fcber Esperanto sehr aufgeschlossen und einige Mitglieder haben Esperanto gesprochen.<\/p>\n<p>Gleichzeitig findet das Treffen <a href=\"http:\/\/gresillon.org\/spip.php?article182&amp;lang=de\">Interkant&#8217;<\/a> f\u00fcr Esperanto die Freunde des Chorgesangs in Esperanto statt. F\u00fcr beide Veranstaltungen zusammen haben sich Ende M\u00e4rz \u00fcber 30 Teilnehmer angemeldet. Auf einer <a href=\"https:\/\/www.google.com\/maps\/d\/viewer?mid=1ylqvqTfoGYBV-UoRYg3cpkbzArM&amp;ll=48.25553058836008%2C0.23965005624995683&amp;z=8\">Karte <\/a>kann man sich \u00fcber eventuelle Mitfahrer aus der gleichen Region informieren.<\/p>\n<p>Zum Kulturprogramm geh\u00f6rt auch am 11. Mai ein Konzert von Jonny M, der schon in Berlin beim<a href=\"https:\/\/esperanto.berlin\/de\/ciam-kiam-mi-lernas-novan-lingvon-la-5-a-somerfesto-sur-la-esperantoplaco-kun-rege-kantisto-jonny-m\/\"> Sommerfest auf dem Esperanto-Platz<\/a> in Neuk\u00f6lln die Besucher begeistert hatte.<\/p>\n<p>&nbsp;<\/p>","protected":false},"excerpt":{"rendered":"<p>Wer bei franz\u00f6sischem Essen an B\u0153uf bourguignon oder Poulet de Bresse denkt, sollte im Mai nicht das Esperanto-Schloss Gr\u00e9sillon besuchen. Unter dem Dach dieses Geb\u00e4udes wird seit Jahrzehnten ein Esperanto-Kulturzentrum (gresillon.org) mit einem vielf\u00e4ltigen Angebot betrieben. Die \u00bbSchlossherrin\u00ab Natalie Kesler &hellip; <a href=\"https:\/\/esperanto.berlin\/de\/veg-gressillon\/\">Weiterlesen <span class=\"meta-nav\">&rarr;<\/span><\/a><\/p>\n","protected":false},"author":20,"featured_media":0,"comment_status":"closed","ping_status":"open","sticky":false,"template":"","format":"standard","meta":{"footnotes":""},"categories":[1],"tags":[],"jetpack_featured_media_url":"","jetpack_shortlink":"https:\/\/wp.me\/par8jA-1sQ","_links":{"self":[{"href":"https:\/\/esperanto.berlin\/de\/wp-json\/wp\/v2\/posts\/5632"}],"collection":[{"href":"https:\/\/esperanto.berlin\/de\/wp-json\/wp\/v2\/posts"}],"about":[{"href":"https:\/\/esperanto.berlin\/de\/wp-json\/wp\/v2\/types\/post"}],"author":[{"embeddable":true,"href":"https:\/\/esperanto.berlin\/de\/wp-json\/wp\/v2\/users\/20"}],"replies":[{"embeddable":true,"href":"https:\/\/esperanto.berlin\/de\/wp-json\/wp\/v2\/comments?post=5632"}],"version-history":[{"count":11,"href":"https:\/\/esperanto.berlin\/de\/wp-json\/wp\/v2\/posts\/5632\/revisions"}],"predecessor-version":[{"id":5651,"href":"https:\/\/esperanto.berlin\/de\/wp-json\/wp\/v2\/posts\/5632\/revisions\/5651"}],"wp:attachment":[{"href":"https:\/\/esperanto.berlin\/de\/wp-json\/wp\/v2\/media?parent=5632"}],"wp:term":[{"taxonomy":"category","embeddable":true,"href":"https:\/\/esperanto.berlin\/de\/wp-json\/wp\/v2\/categories?post=5632"},{"taxonomy":"post_tag","embeddable":true,"href":"https:\/\/esperanto.berlin\/de\/wp-json\/wp\/v2\/tags?post=5632"}],"curies":[{"name":"wp","href":"https:\/\/api.w.org\/{rel}","templated":true}]}}