{"id":5792,"date":"2018-06-13T15:13:27","date_gmt":"2018-06-13T14:13:27","guid":{"rendered":"https:\/\/esperanto.berlin\/?p=5792"},"modified":"2018-06-13T15:33:06","modified_gmt":"2018-06-13T14:33:06","slug":"prelego-kaj-koncerto-en-pola-instituto","status":"publish","type":"post","link":"https:\/\/esperanto.berlin\/de\/prelego-kaj-koncerto-en-pola-instituto\/","title":{"rendered":"Vortrag und Konzert im Polnischen Institut"},"content":{"rendered":"<p><\/p>\n<div>\n<h1><img loading=\"lazy\" decoding=\"async\" class=\" alignright\" src=\"https:\/\/sharingheritage.de\/wp-content\/uploads\/2018\/04\/Berlin-IP_klein-1024x681.jpg\" width=\"327\" height=\"217\" \/>Vortrag und Konzert<\/h1>\n<p>Polnisches Institut Berlin<\/p>\n<p style=\"padding-left: 30px;\">Galerie des Polnischen Instituts in Berlin<br \/>\nBurgstra\u00dfe 27<br \/>\n10178 Berlin<\/p>\n<h1>&#8220;Esperanto als Tr\u00e4ger<\/h1>\n<h1>der Esperanto-Kultur\u201d<\/h1>\n<\/div>\n<div>\n<h2>Dienstag, 19. Juni, 19 h, anschliessend Empfang mit polnischen Leckereien.<\/h2>\n<p>Dazu schreibt der Veranstalter<\/p>\n<\/div>\n<p style=\"padding-left: 30px;\">Im Jahr des Europ\u00e4ischen Kulturerbes feiert das Polnische Institut Berlin die internationale Sprache Esperanto, die 2014 als Tr\u00e4ger der Esperanto-Kultur von Polen in die Liste des immateriellen Kulturerbes aufgenommen wurde. In Polen befinden sich auch \u00fcber 100 von weltweit etwa 1200 sogenannte Zamenhof- und Esperanto-Objekten \u2013 Pl\u00e4tze, Stra\u00dfen, Denkmale und sogar Schiffe, die an Esperanto und seinen Sch\u00f6pfer erinnern. In Posen wird jedes Jahr das Festival der Esperanto-Kultur \u201eArkones\u201c veranstaltet.<\/p>\n<p style=\"padding-left: 30px;\">Vor etwas \u00fcber 130 Jahren, 1887, wurden die Grundz\u00fcge des Esperanto in Warschau von Ludwik Zamenhof ver\u00f6ffentlicht. Seither hat sich Esperanto zu einer lebendigen Sprache entwickelt und weltweit verbreitet. Heute gibt es in mehr als 120 L\u00e4ndern Esperanto-Sprecher*innen. Mehrere Millionen Menschen haben Esperanto gelernt, ein paar hunderttausend sprechen Esperanto regelm\u00e4\u00dfig, es gibt etwa tausend Esperanto-Muttersprachler*innen.<\/p>\n<p style=\"padding-left: 30px;\">Zum Erfolg und zur zunehmenden Verbreitung hat die rasche Erlernbarkeit des Esperanto wesentlich beigetragen: Dank der regelm\u00e4\u00dfigen und einfachen Struktur der Sprache braucht man nur etwa ein Viertel der Zeit, die f\u00fcr andere Sprachen n\u00f6tig ist. Viele Anf\u00e4nger*innen fangen schon nach etwa zwanzig Lernstunden an, Esperanto in der Praxis zu benutzen.<\/p>\n<p style=\"padding-left: 30px;\">Bisher wurden etwa zehntausend Esperanto-B\u00fccher ver\u00f6ffentlicht; jedes Jahr gibt es etwa hundert Neuerscheinungen. Man kann ein paar tausend Esperanto-Lieder anh\u00f6ren, viele davon sind im Internet verf\u00fcgbar.<\/p>\n<p style=\"padding-left: 30px;\">Louis von Wunsch-Rolshoven, der Pressesprecher des Deutschen Esperanto-Bundes und Gesch\u00e4ftsf\u00fchrer von EsperantoLand, wird in seinem Vortrag Esperanto und seine Kultur vorstellen, der Reggae- und Rap-Musiker Jonny M. wird danach ein Konzert mit seinen Liedern in Esperanto geben.<\/p>\n<p style=\"padding-left: 30px;\">Mit anschlie\u00dfendem Empfang \u2013 Leckereien der polnischen K\u00fcche.<\/p>\n<p style=\"padding-left: 30px;\">Die Veranstaltung findet in deutscher Sprache statt.<\/p>\n<p><\/p>","protected":false},"excerpt":{"rendered":"<p>Vortrag und Konzert Polnisches Institut Berlin Galerie des Polnischen Instituts in Berlin Burgstra\u00dfe 27 10178 Berlin &#8220;Esperanto als Tr\u00e4ger der Esperanto-Kultur\u201d Dienstag, 19. Juni, 19 h, anschliessend Empfang mit polnischen Leckereien. Dazu schreibt der Veranstalter Im Jahr des Europ\u00e4ischen Kulturerbes &hellip; <a href=\"https:\/\/esperanto.berlin\/de\/prelego-kaj-koncerto-en-pola-instituto\/\">Weiterlesen <span class=\"meta-nav\">&rarr;<\/span><\/a><\/p>\n","protected":false},"author":20,"featured_media":0,"comment_status":"closed","ping_status":"open","sticky":false,"template":"","format":"standard","meta":{"footnotes":""},"categories":[1],"tags":[],"jetpack_featured_media_url":"","jetpack_shortlink":"https:\/\/wp.me\/par8jA-1vq","_links":{"self":[{"href":"https:\/\/esperanto.berlin\/de\/wp-json\/wp\/v2\/posts\/5792"}],"collection":[{"href":"https:\/\/esperanto.berlin\/de\/wp-json\/wp\/v2\/posts"}],"about":[{"href":"https:\/\/esperanto.berlin\/de\/wp-json\/wp\/v2\/types\/post"}],"author":[{"embeddable":true,"href":"https:\/\/esperanto.berlin\/de\/wp-json\/wp\/v2\/users\/20"}],"replies":[{"embeddable":true,"href":"https:\/\/esperanto.berlin\/de\/wp-json\/wp\/v2\/comments?post=5792"}],"version-history":[{"count":9,"href":"https:\/\/esperanto.berlin\/de\/wp-json\/wp\/v2\/posts\/5792\/revisions"}],"predecessor-version":[{"id":5804,"href":"https:\/\/esperanto.berlin\/de\/wp-json\/wp\/v2\/posts\/5792\/revisions\/5804"}],"wp:attachment":[{"href":"https:\/\/esperanto.berlin\/de\/wp-json\/wp\/v2\/media?parent=5792"}],"wp:term":[{"taxonomy":"category","embeddable":true,"href":"https:\/\/esperanto.berlin\/de\/wp-json\/wp\/v2\/categories?post=5792"},{"taxonomy":"post_tag","embeddable":true,"href":"https:\/\/esperanto.berlin\/de\/wp-json\/wp\/v2\/tags?post=5792"}],"curies":[{"name":"wp","href":"https:\/\/api.w.org\/{rel}","templated":true}]}}