{"id":6159,"date":"2018-12-04T16:03:13","date_gmt":"2018-12-04T15:03:13","guid":{"rendered":"https:\/\/esperanto.berlin\/?p=6159"},"modified":"2019-11-09T10:50:59","modified_gmt":"2019-11-09T09:50:59","slug":"lumkuracisto-osterrode","status":"publish","type":"post","link":"https:\/\/esperanto.berlin\/de\/lumkuracisto-osterrode\/","title":{"rendered":"Der Lichtarzt aus Osterode"},"content":{"rendered":"<p>Zeitgleich mit dem <a href=\"https:\/\/esperanto.berlin\/invito-al-zamenhoffesto-en-berlino-2018-12-15\/\">Zamenhof-Fest in Berlin<\/a> am 15.12.2018 findet um\u00a0 19:00 Uhr die <a href=\"http:\/\/www.herzberg.de\/events\/detail.php?menuid=12&amp;topmenu=0&amp;keepmenu=0&amp;eventid=3352\">Esperanto-Weihnachts-\/Zamenhoffeier<\/a> des Esperanto-Zentrums Herzberg (ICH) statt. Aber nicht in Herzberg, sondern im &#8220;Freiheiter Hof&#8221; in Osterode-Freiheit.<\/p>\n<p style=\"padding-left: 30px;\">Von Osterode nach Klausthal f\u00fchrt die neue Stra\u00dfe (\u00bb8A\u00ab) zun\u00e4chst durch <strong>Freiheit, Dorf mit 1389 Einw. (bedeutende Wollenfabriken)<\/strong>, im sch\u00f6nen Lerbachtal, an den Restaurationen Waldquelle und H\u00fcttenschenke vor\u00fcber, r. Lerbacher H\u00fctte (Kgl. Eisenh\u00fctte mit Emaillierwerk), r. an der Umbiegung der Chaussee neben dem H\u00fcttenteich Fundstelle f\u00fcr Band-Jaspis (Adinole) und Blatterstein (<span class=\"fc_item_title\"><a href=\"http:\/\/www.archiv-vegelahn.de\/index.php\/osterode-am-harz\/item\/4420-meyers-reisebuecher-harz-1902\">Meyers Reiseb\u00fccher &#8211; Harz, 1902<\/a> &#8211; 17. Auflage) <\/span><\/p>\n<p>Die Esperanto-Bewegung von Berlin verbindet mit der Stadt Osterode eine wahre Lichtgestalt. Bevor der sp\u00e4ter als \u00bbLichtarzt\u00ab bekannte <a href=\"https:\/\/eo.wikipedia.org\/wiki\/Gottlieb_Breiger\">Gottlieb Breiger<\/a> seine Praxis in Berlin er\u00f6ffnete, betrieb er eine \u00bbElektrische Lichtbadeanstalt\u00ab in Osterode.<\/p>\n<p><img loading=\"lazy\" decoding=\"async\" class=\"alignnone size-medium\" src=\"http:\/\/www.archiv-vegelahn.de\/images\/Osterode-Reklame\/Osterode-Reklame-1900-037.jpg\" width=\"698\" height=\"455\" \/><\/p>\n<div id=\"attachment_6169\" style=\"width: 998px\" class=\"wp-caption alignnone\"><img loading=\"lazy\" decoding=\"async\" aria-describedby=\"caption-attachment-6169\" class=\"wp-image-6169 size-full\" src=\"https:\/\/esperanto.berlin\/wp-content\/uploads\/2018\/12\/Breiger-Osterrode.jpg\" alt=\"\" width=\"988\" height=\"200\" \/><p id=\"caption-attachment-6169\" class=\"wp-caption-text\">Niklaus Ingold, Lichtduschen: Geschichte einer Gesundheitstechnik, 1890-1975<\/p><\/div>\n<p>Die \u00bbElektrische Lichtbadeanstalt\u00ab in Osterode wurde von Dr. Axel Sj\u00f6str\u00f6m weitergerf\u00fchrt, der in verschiedenen Reisef\u00fchrern vom Anfang des 20. Jahrhunderts erw\u00e4hnt wird. Sein Name findet sich auf der <a href=\"http:\/\/www.archiv-vegelahn.de\/index.php\/osterode-am-harz\/item\/5120-ehrenfriedhof-osterode-am-harz\">Ehrentafel f\u00fcr die 187 Opfer des Ersten Weltkriegs<\/a>, die am April 1924 am damaligen Rathaus angebracht wurde.<\/p>\n<p><img loading=\"lazy\" decoding=\"async\" class=\"size-full wp-image-6174 alignright\" src=\"https:\/\/esperanto.berlin\/wp-content\/uploads\/2018\/12\/altmontarsunbano.jpg\" alt=\"\" width=\"309\" height=\"163\" \/>In Berlin hatte Breiger seine Praxis in der Luisenstrasse direkt neben der Charit\u00e9 und machte daf\u00fcr Werbung in Esperanto-Zeitschriften. Der Sanit\u00e4tsrat Breiger war Mitglied der exklusiven \u00bbRondo de la 11\u00ab (beschr\u00e4nkt auf 11 h\u00f6chst honorige Mitglieder), die 1914 in seiner Praxis (NW. 6, Luisenstr. 51) zusammenkam.<br \/>\nEr warb sogar damit, dass zwei seiner Fach\u00e4rzte Esperanto sprechen w\u00fcrden.<\/p>\n<p>Es ist nicht ganz eindeutig gekl\u00e4rt, ob der fr\u00fcher bekannte Begriff \u00bbH\u00f6hensonne\u00ab auf sein \u00bbAltmontarsunbano\u00ab zur\u00fcckgeht. Es stand jedenfalls in Verbindung mit Firmen, die solche Ger\u00e4te anfangs f\u00fcr Arztpraxen und sp\u00e4ter f\u00fcr den Hausgebrauch hergestellt haben.<\/p>\n<ul>\n<li>Das wurde inzwischen durch das <span class=\"st\">Niklaus <\/span>Ingold \u00fcber <a href=\"https:\/\/www.chronos-verlag.ch\/node\/20847\">Lichtduschen<\/a> best\u00e4tigt, wo Breigers Rolle auf Seite 90 erw\u00e4hnt wird.<\/li>\n<\/ul>\n<p><img loading=\"lazy\" decoding=\"async\" class=\"size-medium alignright\" src=\"https:\/\/encrypted-tbn0.gstatic.com\/images?q=tbn:ANd9GcRO7BW6bkhwEhChJ0gk4_KvivIQBZRvzJUm9_AccrfrNDPpU2nwkg\" width=\"194\" height=\"259\" \/>Bevor er sich mit den Heilkr\u00e4ften des Lichts befasste, hat Breiger patentierte Gipsbandagen entwickelt, die weithin gelobt wurden. Dazu nutzte er die Gipsvorkommen in Osterode. Auch als Betriebsarzt in den Bleiwerken trat er in Erscheinung. Ungeachtet der rauchenden Schlote der Bleifabriken und Gipsbr\u00fcche pr\u00e4sentierte sich Osterode als Luftkurort.<\/p>\n<p>Breiger geh\u00f6rte zu den Vertretern der Naturheilkunde. Der <a href=\"https:\/\/eo.wikipedia.org\/wiki\/M%C3%B6ller_%26_Borel\">Verlag von Borel<\/a>, durch den viel Esperanto-Literatur verbreitet werden konnte, machte einen grossen Teil seines Umsatzes und vermutlich auch seines Gewinns mit naturheilkundlichen Zeitschriften und B\u00fcchern, darunter die Zeitschrift \u00bbDer Naturarzt\u00ab und praktischen Ratgebern, wie von <a class=\"external text\" href=\"http:\/\/www.zeno.org\/Pataky-1898\/A\/Stolle,+Frau+Rose\" rel=\"nofollow\">Rose Stolle<\/a>, <i>\u00bbSch\u00f6nheits-Pflege\u00a0: Winke und Ratschl\u00e4ge zur Erhaltung der Sch\u00f6nheit des Weibes\u00ab <\/i>sp\u00e4ter in der \u00dcbersetzung von\u00a0 <a title=\"Jean Borel\" href=\"https:\/\/eo.wikipedia.org\/wiki\/Jean_Borel\">Jean Borel<\/a> als N-ro 17 in der Reihe <a title=\"Esperanta Biblioteko Internacia\" href=\"https:\/\/eo.wikipedia.org\/wiki\/Esperanta_Biblioteko_Internacia\">Esperanta Biblioteko Internacia<\/a> unter dem Titel \u00bb<i>Konsiloj pri Higieno\u00ab <\/i>erschienen<i>.<\/i><\/p>","protected":false},"excerpt":{"rendered":"<p>Zeitgleich mit dem Zamenhof-Fest in Berlin am 15.12.2018 findet um\u00a0 19:00 Uhr die Esperanto-Weihnachts-\/Zamenhoffeier des Esperanto-Zentrums Herzberg (ICH) statt. Aber nicht in Herzberg, sondern im &#8220;Freiheiter Hof&#8221; in Osterode-Freiheit. Von Osterode nach Klausthal f\u00fchrt die neue Stra\u00dfe (\u00bb8A\u00ab) zun\u00e4chst durch &hellip; <a href=\"https:\/\/esperanto.berlin\/de\/lumkuracisto-osterrode\/\">Weiterlesen <span class=\"meta-nav\">&rarr;<\/span><\/a><\/p>\n","protected":false},"author":20,"featured_media":0,"comment_status":"closed","ping_status":"open","sticky":false,"template":"","format":"standard","meta":{"footnotes":""},"categories":[4,15],"tags":[338,339,340,341,342,343],"jetpack_featured_media_url":"","jetpack_shortlink":"https:\/\/wp.me\/par8jA-1Bl","_links":{"self":[{"href":"https:\/\/esperanto.berlin\/de\/wp-json\/wp\/v2\/posts\/6159"}],"collection":[{"href":"https:\/\/esperanto.berlin\/de\/wp-json\/wp\/v2\/posts"}],"about":[{"href":"https:\/\/esperanto.berlin\/de\/wp-json\/wp\/v2\/types\/post"}],"author":[{"embeddable":true,"href":"https:\/\/esperanto.berlin\/de\/wp-json\/wp\/v2\/users\/20"}],"replies":[{"embeddable":true,"href":"https:\/\/esperanto.berlin\/de\/wp-json\/wp\/v2\/comments?post=6159"}],"version-history":[{"count":21,"href":"https:\/\/esperanto.berlin\/de\/wp-json\/wp\/v2\/posts\/6159\/revisions"}],"predecessor-version":[{"id":7607,"href":"https:\/\/esperanto.berlin\/de\/wp-json\/wp\/v2\/posts\/6159\/revisions\/7607"}],"wp:attachment":[{"href":"https:\/\/esperanto.berlin\/de\/wp-json\/wp\/v2\/media?parent=6159"}],"wp:term":[{"taxonomy":"category","embeddable":true,"href":"https:\/\/esperanto.berlin\/de\/wp-json\/wp\/v2\/categories?post=6159"},{"taxonomy":"post_tag","embeddable":true,"href":"https:\/\/esperanto.berlin\/de\/wp-json\/wp\/v2\/tags?post=6159"}],"curies":[{"name":"wp","href":"https:\/\/api.w.org\/{rel}","templated":true}]}}