{"id":619,"date":"2011-09-23T11:32:14","date_gmt":"2011-09-23T10:32:14","guid":{"rendered":"http:\/\/www.esperanto.de\/bb\/?p=619"},"modified":"2011-09-23T11:32:14","modified_gmt":"2011-09-23T10:32:14","slug":"tago_de_lingvoj_2011","status":"publish","type":"post","link":"https:\/\/esperanto.berlin\/de\/tago_de_lingvoj_2011\/","title":{"rendered":"(Deutsch) Pressemitteilung Tag der Sprachen 26. Sept. 2011"},"content":{"rendered":"<p><\/p>\n<h2>Europ\u00e4ischer Tag der Sprachen: 26. September 2012<\/h2>\n<h1>Ein Sprachenfest der Superlative<\/h1>\n<p>Berliner Teilnehmer berichten vom Esperanto-Weltkongress im Sommer 2011 in Kopenhagen (23. &#8211; 30. Juni 2011 im Bella Center)<\/p>\n<p>Nachgez\u00e4hlt wurde nicht, wieviel Sprachen beim 96. Esperanto-Weltkongresse in Kopenhagen in diesem Sommer vertreten waren. Eine Auflistung nach dem Wohnort der knapp 1500 Teilnehmer kommt auf 66 L\u00e4nder. Damit sind Sprachgemeinschaften, in denen eine Regional- oder Minderheitensprache gesprochen wird und von denen es allein in Europa 60 gibt, noch nicht erfa\u00dft. Um diesen sprachlichen Reichtum st\u00e4rker in den Blickpunkt der \u00d6ffentlichkeit zu r\u00fccken, haben die Europ\u00e4ische Union und der Europarat 2001 die Initiative \u201e<em>Europ\u00e4isches Jahr der Sprachen<\/em>\u201c ins Leben gerufen.<\/p>\n<p>Das Interesse an Sprachen und Kulturen hat sich als starkes Motiv f\u00fcr das Erlernen und Praktizieren der Internationalen Sprache Esperanto erwiesen. Als Sprache einer Minderheit sind die Sympathie mit und das Interesse an anderen sprachlichen Minderheiten bei Esperanto-Sprechern besonders ausgepr\u00e4gt.<\/p>\n<p>Die Investitionen sind gering. \u00bbZwei Wochenendkurs gen\u00fcgen um erste Kontakte zu kn\u00fcpfen\u00ab sagt Felix Zesch, der in Berlin regelm\u00e4\u00dfig Kurse anbietet. \u00bbund ganz mutige fahren gleich zum Esperanto-Weltkongress, der jedes Jahr in einer anderen Stadt veranstaltet wird.\u00ab 2012 ist Hanoi in Vietnam an der Reihe.<\/p>\n<p>Beim Weltkongress dominiert Esperanto als Konferenzsprache und viele Veranstaltungen besch\u00e4ftigen sich mit Sprachen sprachen. Ein fester Programmpunkt ist der Schnupperkurs f\u00fcr die Sprache des Gastlandes, der auch in diesem Jahr gut besucht war. Konferenzen besch\u00e4ftigen sich mit sprachlichen Minderheiten und wie sie in ihren Rechten gest\u00e4rkt werden k\u00f6nnen oder wie das Lernen von Fremdsprachen verbessert werden kann.<\/p>\n<p>Ausgerechnet in England, wo man die Weltsprache schlechthin spricht, wurde das Programm \u00bbSpringboard2Languages\u00ab entwickelt. Sch\u00fcler an ausgew\u00e4hlten Schulen lernen erst Esperanto, das es ihnen <span style=\"color: #330033;\">erleichtert, <\/span>anschlie\u00dfend eine Fremdsprache eigener Wahl zu erlernen.<\/p>\n<p>Eine multilinguale Fu\u00dfballmanschaft, f\u00fcr die Kim Henriksen ein Freundschaftsspiel mit einer lokalen Mannschaft organisiert hatte, ist allerdings mit 3 zu 7 Toren vom Platz gegangen. Allerdings war die Mannschaft erst w\u00e4hrend des Esperanto-Weltkongresses aufgestellt worden und konnte nicht vorher trainieren.<\/p>\n<div><a id=\"parent-fieldname-image\" href=\"http:\/\/www.liberafolio.org\/2011\/esperantista-atako-malsukcesis-7-3\/image\/image_view_fullscreen\"> <img loading=\"lazy\" decoding=\"async\" title=\"Esperantista atako gaje malsukcesis 7-3\" src=\"mailbox:\/\/\/C%7C\/Dokumente%20und%20Einstellungen\/roland.SIEFU\/Anwendungsdaten\/Thunderbird\/Profiles\/rz07c2ws.default\/Mail\/pop3.berlin.de\/Sent?number=35412081&amp;part=1.2\" alt=\"Esperantista atako gaje malsukcesis 7-3\" width=\"200\" height=\"133\" \/> <\/a><\/p>\n<\/div>\n<div id=\"parent-fieldname-text\">\n<p>Die Spieler, darunter zwei Frauen (Margerita Huirion und Sasha Murr) der Esperanto-Mannschaft kamen aus Benin, D\u00e4nemark, Gro\u00dfbritannien, Japan, Kolumbien, Mexiko, Nepal, den Niederlanden, und den Vereinigten Staaten. Latifou Gbadamassi aus Benin hatte vergessen die Fu\u00dfballschuhe einzupacken scho\u00df mit blossen F\u00fcssen eines der drei Tore.<\/p>\n<p>\u00dcber alles, was dazu bei 96. Esperanto-Weltkongress an Informationen aus erster Hand geliefert wurde, werden Berliner Teilenehmer in einer Veranstaltung am 26. September um 19:30 im Kulturhaus in der Danziger Stra\u00dfe 50, 10435 Berlin (Prenzlauer Berg) berichten.<\/p>\n<\/div>\n<p>Roland Schnell<\/p>\n<p>0 160 \/ 71 12 247<br \/>\n<a href=\"mailto:esperanto@berlin.de\">esperanto@berlin.de<\/a><\/p>\n<p>Pressesprecher der<\/p>\n<p>Esperanto-Vereinigung Berlin-Brandenburg e.V.<br \/>\nEinbecker Str. 36<br \/>\n10317 Berlin<\/p>\n<h3>Web-Site (Esperanto\/deutsch)<\/h3>\n<p><a href=\"..\/\" target=\"_blank\">http:\/\/www.esperanto.de\/bb\/<\/a><\/p>\n<p>Download einer Postkarte<\/p>\n<p><img loading=\"lazy\" decoding=\"async\" title=\"Postkarte Weltkongress Kopenhagen 2011\" src=\"mailbox:\/\/\/C%7C\/Dokumente%20und%20Einstellungen\/roland.SIEFU\/Anwendungsdaten\/Thunderbird\/Profiles\/rz07c2ws.default\/Mail\/pop3.berlin.de\/Sent?number=35412081&amp;part=1.3\" alt=\"Postkarte Esperanto Weltkongress Kopenhagen 2011\" width=\"240\" height=\"170\" \/><br \/>\n<a href=\"http:\/\/u1.ipernity.com\/19\/22\/37\/11242237.9142c4b4.560.jpg\">http:\/\/u1.ipernity.com\/19\/22\/37\/11242237.9142c4b4.560.jpg<\/a> &#8212;&#8212;- 560 Pixel breit<br \/>\n<a href=\"http:\/\/u1.ipernity.com\/19\/22\/37\/11242237.bf1d51da.1024.jpg\">http:\/\/u1.ipernity.com\/19\/22\/37\/11242237.bf1d51da.1024.jpg<\/a> &#8212;&#8212;-1024 Pixel breit<\/p>\n<h2>Weiterf\u00fchrende Informationen<\/h2>\n<h3>Springboard to languages: (englisch)<\/h3>\n<p><a href=\"http:\/\/www.springboard2languages.org\/\" target=\"_blank\">http:\/\/www.springboard2languages.org<\/a><\/p>\n<h3>Homepage des 96. Esperanto-Weltkongress (Esperanto)<\/h3>\n<p><a href=\"http:\/\/www.96uk-kopenhago.dk\/\">http:\/\/www.96uk-kopenhago.dk\/<\/a><\/p>\n<p><a href=\"http:\/\/uea.org\/kongresoj\/uk_2011.html\">http:\/\/uea.org\/kongresoj\/uk_2011.html<\/a><\/p>\n<h3>D50 Kulturverein Prenzlauer Berg (deutsch)<\/h3>\n<p><a href=\"http:\/\/www.kvpb.danziger50.de\/\" target=\"_blank\">http:\/\/www.kvpb.danziger50.de\/<\/a><\/p>","protected":false},"excerpt":{"rendered":"<p>Europ\u00e4ischer Tag der Sprachen: 26. September 2012 Ein Sprachenfest der Superlative Berliner Teilnehmer berichten vom Esperanto-Weltkongress im Sommer 2011 in Kopenhagen (23. &#8211; 30. Juni 2011 im Bella Center) Nachgez\u00e4hlt wurde nicht, wieviel Sprachen beim 96. Esperanto-Weltkongresse in Kopenhagen in &hellip; <a href=\"https:\/\/esperanto.berlin\/de\/tago_de_lingvoj_2011\/\">Weiterlesen <span class=\"meta-nav\">&rarr;<\/span><\/a><\/p>\n","protected":false},"author":8,"featured_media":0,"comment_status":"open","ping_status":"open","sticky":false,"template":"","format":"standard","meta":{"footnotes":""},"categories":[30,1],"tags":[],"jetpack_featured_media_url":"","jetpack_shortlink":"https:\/\/wp.me\/par8jA-9Z","_links":{"self":[{"href":"https:\/\/esperanto.berlin\/de\/wp-json\/wp\/v2\/posts\/619"}],"collection":[{"href":"https:\/\/esperanto.berlin\/de\/wp-json\/wp\/v2\/posts"}],"about":[{"href":"https:\/\/esperanto.berlin\/de\/wp-json\/wp\/v2\/types\/post"}],"author":[{"embeddable":true,"href":"https:\/\/esperanto.berlin\/de\/wp-json\/wp\/v2\/users\/8"}],"replies":[{"embeddable":true,"href":"https:\/\/esperanto.berlin\/de\/wp-json\/wp\/v2\/comments?post=619"}],"version-history":[{"count":0,"href":"https:\/\/esperanto.berlin\/de\/wp-json\/wp\/v2\/posts\/619\/revisions"}],"wp:attachment":[{"href":"https:\/\/esperanto.berlin\/de\/wp-json\/wp\/v2\/media?parent=619"}],"wp:term":[{"taxonomy":"category","embeddable":true,"href":"https:\/\/esperanto.berlin\/de\/wp-json\/wp\/v2\/categories?post=619"},{"taxonomy":"post_tag","embeddable":true,"href":"https:\/\/esperanto.berlin\/de\/wp-json\/wp\/v2\/tags?post=619"}],"curies":[{"name":"wp","href":"https:\/\/api.w.org\/{rel}","templated":true}]}}