{"id":6312,"date":"2018-12-23T08:25:37","date_gmt":"2018-12-23T07:25:37","guid":{"rendered":"https:\/\/esperanto.berlin\/?p=6312"},"modified":"2019-01-13T07:09:44","modified_gmt":"2019-01-13T06:09:44","slug":"kurs-vh-ffo2019","status":"publish","type":"post","link":"https:\/\/esperanto.berlin\/de\/kurs-vh-ffo2019\/","title":{"rendered":"Esperanto Kurs der VHS Frankfurt (Oder)"},"content":{"rendered":"<p><img loading=\"lazy\" decoding=\"async\" class=\"alignright\" src=\"https:\/\/www.vhs-frankfurt-oder.de\/fileadmin\/template\/img\/logo.png\" width=\"306\" height=\"83\" \/>Die <a href=\"http:\/\/VHS Frankfurt (Oder)\">Volkshochschule (VHS) Frankfurt (Oder)<\/a> k\u00fcndigt in Ihrem Programm f\u00fcr Fr\u00fchjahr 2019 einen Kurs f\u00fcr \u00bbESPERANTO \u2013 WELTSPRACHE DER HERZEN\u00ab an. Das ganze Programmheft ist als <a href=\"https:\/\/www.vhs-frankfurt-oder.de\/fileadmin\/user_upload\/Programmheft\/VHS_2019_Fruehjahr.pdf\">Download (PDF\u00a0 3 MB)<\/a> verf\u00fcgbar und wird als gedruckte Version in der Stadt ausliegen.<\/p>\n<div id=\"attachment_6316\" style=\"width: 239px\" class=\"wp-caption alignright\"><img loading=\"lazy\" decoding=\"async\" aria-describedby=\"caption-attachment-6316\" class=\"wp-image-6316\" src=\"https:\/\/esperanto.berlin\/wp-content\/uploads\/2018\/12\/FFO-VHS-132-crop.jpg\" alt=\"\" width=\"229\" height=\"384\" \/><p id=\"caption-attachment-6316\" class=\"wp-caption-text\">Programm der VHS Frankfurt (Oder) Seite 132<\/p><\/div>\n<p>In der Ank\u00fcndigung auf Seite 132\/132 steht der Text, der auch \u00fc<a href=\"https:\/\/www.vhs-frankfurt-oder.de\/index.php?id=7&amp;kathaupt=11&amp;knr=H426.01&amp;kursname=Esperanto-Weltsprache+der+Herzen&amp;katid=260\">ber die Website der VHS<\/a> erreicht wird:<\/p>\n<p style=\"padding-left: 30px;\">Esperanto ist die am weitesten verbreitete Plansprache. Ihre heute noch g\u00fcltigen Grundlagen wurden als Lingvo Internacia, internationale Sprache, 1887 von dem Augenarzt Ludwik Lejzer Zamenhof ver\u00f6ffentlicht, dessen Pseudonym Doktoro Esperanto (\u201eDoktor Hoffender\u201c) zum Namen der Sprache wurde. Quelle: Wikipedia<br \/>\nZamenhof verfolgte das Ziel, durch eine leichte, einfach strukturierte und spielend zu erlernene Sprache die Verst\u00e4ndigung der Menschen verschiedener Nationalit\u00e4ten zu erm\u00f6glichen.<br \/>\nDie Grammatik passt \u00fcbrigens auf einen Bierdeckel!<\/p>\n<p style=\"padding-left: 30px;\">Kursnr.: H426.01 &#8211; Kosten: 5,00 \u20ac &#8211; <a title=\"zu den Terminen\" href=\"https:\/\/www.vhs-frankfurt-oder.de\/index.php?id=7&amp;kathaupt=12&amp;knr=H426.01&amp;kursname=Esperanto-Weltsprache+der+Herzen\"><abbr title=\"Mittwoch\">Mi.<\/abbr> 08.05.2019, 18.00 &#8211; 20.30 Uhr<\/a><\/p>\n<div id=\"attachment_6317\" style=\"width: 246px\" class=\"wp-caption alignright\"><img loading=\"lazy\" decoding=\"async\" aria-describedby=\"caption-attachment-6317\" class=\"wp-image-6317\" src=\"https:\/\/esperanto.berlin\/wp-content\/uploads\/2018\/12\/FFO-VHS-133-crop.jpg\" alt=\"\" width=\"236\" height=\"489\" \/><p id=\"caption-attachment-6317\" class=\"wp-caption-text\">Programm der VHS Frankfurt (Oder) Seite 133<\/p><\/div>\n<p>Der Esperanto-Kurs wird im Hauptgeb\u00e4ude der VHS Frankfurt (Oder) stattfinden, das mit \u00f6ffentlichen Verkehrsmitteln erreichbar ist.<\/p>\n<p>Gartenstra\u00dfe 1, 15230 Frankfurt (Oder)<\/p>\n<p>Bus: Nr. 980 (Brunnenplatz) \/ 983 (Europa-Universit\u00e4t)<br \/>\nBahn: Nr. 4 (Am Anger) \/ Nr. 2, Nr. 3 (Gartenstra\u00dfe) \/ Nr. 1 (Brunnenplatz)<\/p>\n<p>Dieser Esperanto-Kurs an der VHS Frankfurt (Oder) ist das erste sichbare Zeichen f\u00fcr die Vorbereitungen auf den Deutsch-Polnischen Esperantokongress der an Pfingsten 2020 auf beiden Seiten der Oder (Grenze zwischen Deutschland und Polen) stattfinden wird.<\/p>\n<p>Er findet wenige Tage nach dem Br\u00fcckenfest statt, das immer am 1. Mai stattfindet und bei dem es seit Jahren einen Informationsstand zu Esperanto gibt, der von Ronald Schindler organisiert wird. So auch 2018 (<a href=\"https:\/\/esperanto.berlin\/de\/ponta-festo-2018\/\">Fotos<\/a>) oder 2017\u00a0 (<a href=\"https:\/\/esperanto.berlin\/de\/ponta-festo-frankfurt\/\">Bericht in Ondo de Esperanto<\/a>).<\/p>","protected":false},"excerpt":{"rendered":"<p>Die Volkshochschule (VHS) Frankfurt (Oder) k\u00fcndigt in Ihrem Programm f\u00fcr Fr\u00fchjahr 2019 einen Kurs f\u00fcr \u00bbESPERANTO \u2013 WELTSPRACHE DER HERZEN\u00ab an. Das ganze Programmheft ist als Download (PDF\u00a0 3 MB) verf\u00fcgbar und wird als gedruckte Version in der Stadt ausliegen. &hellip; <a href=\"https:\/\/esperanto.berlin\/de\/kurs-vh-ffo2019\/\">Weiterlesen <span class=\"meta-nav\">&rarr;<\/span><\/a><\/p>\n","protected":false},"author":8,"featured_media":0,"comment_status":"closed","ping_status":"open","sticky":false,"template":"","format":"standard","meta":{"footnotes":""},"categories":[14,270,18,41],"tags":[],"jetpack_featured_media_url":"","jetpack_shortlink":"https:\/\/wp.me\/par8jA-1DO","_links":{"self":[{"href":"https:\/\/esperanto.berlin\/de\/wp-json\/wp\/v2\/posts\/6312"}],"collection":[{"href":"https:\/\/esperanto.berlin\/de\/wp-json\/wp\/v2\/posts"}],"about":[{"href":"https:\/\/esperanto.berlin\/de\/wp-json\/wp\/v2\/types\/post"}],"author":[{"embeddable":true,"href":"https:\/\/esperanto.berlin\/de\/wp-json\/wp\/v2\/users\/8"}],"replies":[{"embeddable":true,"href":"https:\/\/esperanto.berlin\/de\/wp-json\/wp\/v2\/comments?post=6312"}],"version-history":[{"count":9,"href":"https:\/\/esperanto.berlin\/de\/wp-json\/wp\/v2\/posts\/6312\/revisions"}],"predecessor-version":[{"id":6469,"href":"https:\/\/esperanto.berlin\/de\/wp-json\/wp\/v2\/posts\/6312\/revisions\/6469"}],"wp:attachment":[{"href":"https:\/\/esperanto.berlin\/de\/wp-json\/wp\/v2\/media?parent=6312"}],"wp:term":[{"taxonomy":"category","embeddable":true,"href":"https:\/\/esperanto.berlin\/de\/wp-json\/wp\/v2\/categories?post=6312"},{"taxonomy":"post_tag","embeddable":true,"href":"https:\/\/esperanto.berlin\/de\/wp-json\/wp\/v2\/tags?post=6312"}],"curies":[{"name":"wp","href":"https:\/\/api.w.org\/{rel}","templated":true}]}}