{"id":6692,"date":"2019-03-13T21:09:30","date_gmt":"2019-03-13T20:09:30","guid":{"rendered":"https:\/\/esperanto.berlin\/?p=6692"},"modified":"2019-04-07T18:46:53","modified_gmt":"2019-04-07T17:46:53","slug":"spektaklo-verda-sango-2-en-centro-danziger50","status":"publish","type":"post","link":"https:\/\/esperanto.berlin\/de\/spektaklo-verda-sango-2-en-centro-danziger50\/","title":{"rendered":"Spektakel &#8220;Gr\u00fcnes Blut 2&#8221; im Zentrum danziger50"},"content":{"rendered":"<p>&nbsp;<\/p>\n<p><span style=\"font-size: 18pt; color: #339966;\"><strong>Das Spektakel \u201eGr\u00fcnes Blut\u201c geht weiter<\/strong><\/span><\/p>\n<p><img loading=\"lazy\" decoding=\"async\" class=\"alignnone size-full wp-image-6693\" src=\"https:\/\/esperanto.berlin\/wp-content\/uploads\/2019\/03\/Verda-Sango-2-logo-Kopie-k.jpg\" alt=\"\" width=\"1181\" height=\"589\" \/><\/p>\n<p>In der Notaufnahme herrscht Katastrophenstimmung. Ein Vampir wird bewusstlos hereingetragen, der als Esperanto-Lehrer versucht hat an das wohlschmeckende gr\u00fcne Blut besonders begeisterter Esperanto-Sprecher zu kommen. Besonders in Acht nehmen muss sich Esperanto-S\u00e4nger Kashi aus Hamburg, der selbstgedichtete und \u2013komponierte Lieder am Keyboard in das turbulente Geschehen platziert. Als auch noch Zeitmaschinennavigator Phila hereinplatzt, von Esperanto sprechenden Insekten berichtet und Weltraumfolklore pr\u00e4sentiert, wird das Ganze immer schr\u00e4ger. Nur die Oberschwester beh\u00e4lt die \u00dcbersicht. Sie ist mit der Kultur der Gr\u00fcnbl\u00fctigen und ihren Eigenheiten schon recht gut vertraut und bewahrt die Ruhe, w\u00e4hrend auch der Doktor in helle Aufregung ger\u00e4t und um den Ruf der Praxis bangt.<\/p>\n<p><span style=\"color: #339966; font-size: 14pt;\">Als Zuschauer kann man das Spektakel am\u00fcsiert genie\u00dfen.<\/span><\/p>\n<p><strong>Wann? Am 12. April 2019 um 19.00 Uhr. <\/strong><\/p>\n<p><strong>Wo? Im Veranstaltungssaal des Zentrums danziger50<\/strong>.<\/p>\n<p><strong>Mitwirkende:<\/strong> Carsten Schnathorst (S\u00e4nger und Musiker am Keyboard und begeisterter Gr\u00fcnbl\u00fctiger), Wera Blanke (Oberschwester und Kennerin der Literatur der Gr\u00fcnbl\u00fctigen), Peter K\u00fchnel (Vampir und Esperanto-Lehrer), Fritz Wollenberg (Doktor und Moderator), Dr. Philipp Sonntag (Zeitmaschinennavigator Phila)<\/p>\n<p><span style=\"color: #339966;\"><strong>Das Spektakel wird im Rahmen des Blut-Festivals im Zentrum danziger50 aufgef\u00fchrt. Weitere Informationen auf dem Plakat unten.<\/strong><\/span><\/p>\n<p style=\"text-align: center;\"><a href=\"http:\/\/blut.danziger50.com\/\"><img loading=\"lazy\" decoding=\"async\" class=\"size-full wp-image-6694 aligncenter\" src=\"https:\/\/esperanto.berlin\/wp-content\/uploads\/2019\/03\/IMG_0674-k.jpg\" alt=\"\" width=\"480\" height=\"640\" \/><\/a><a href=\"http:\/\/blut.danziger50.com\/\">Website des Festivals<\/a><\/p>\n<p>&nbsp;<\/p>","protected":false},"excerpt":{"rendered":"<p>&nbsp; Das Spektakel \u201eGr\u00fcnes Blut\u201c geht weiter In der Notaufnahme herrscht Katastrophenstimmung. Ein Vampir wird bewusstlos hereingetragen, der als Esperanto-Lehrer versucht hat an das wohlschmeckende gr\u00fcne Blut besonders begeisterter Esperanto-Sprecher zu kommen. Besonders in Acht nehmen muss sich Esperanto-S\u00e4nger Kashi &hellip; <a href=\"https:\/\/esperanto.berlin\/de\/spektaklo-verda-sango-2-en-centro-danziger50\/\">Weiterlesen <span class=\"meta-nav\">&rarr;<\/span><\/a><\/p>\n","protected":false},"author":3,"featured_media":0,"comment_status":"closed","ping_status":"open","sticky":false,"template":"","format":"standard","meta":{"footnotes":""},"categories":[1],"tags":[202,377,378,379],"jetpack_featured_media_url":"","jetpack_shortlink":"https:\/\/wp.me\/par8jA-1JW","_links":{"self":[{"href":"https:\/\/esperanto.berlin\/de\/wp-json\/wp\/v2\/posts\/6692"}],"collection":[{"href":"https:\/\/esperanto.berlin\/de\/wp-json\/wp\/v2\/posts"}],"about":[{"href":"https:\/\/esperanto.berlin\/de\/wp-json\/wp\/v2\/types\/post"}],"author":[{"embeddable":true,"href":"https:\/\/esperanto.berlin\/de\/wp-json\/wp\/v2\/users\/3"}],"replies":[{"embeddable":true,"href":"https:\/\/esperanto.berlin\/de\/wp-json\/wp\/v2\/comments?post=6692"}],"version-history":[{"count":6,"href":"https:\/\/esperanto.berlin\/de\/wp-json\/wp\/v2\/posts\/6692\/revisions"}],"predecessor-version":[{"id":6811,"href":"https:\/\/esperanto.berlin\/de\/wp-json\/wp\/v2\/posts\/6692\/revisions\/6811"}],"wp:attachment":[{"href":"https:\/\/esperanto.berlin\/de\/wp-json\/wp\/v2\/media?parent=6692"}],"wp:term":[{"taxonomy":"category","embeddable":true,"href":"https:\/\/esperanto.berlin\/de\/wp-json\/wp\/v2\/categories?post=6692"},{"taxonomy":"post_tag","embeddable":true,"href":"https:\/\/esperanto.berlin\/de\/wp-json\/wp\/v2\/tags?post=6692"}],"curies":[{"name":"wp","href":"https:\/\/api.w.org\/{rel}","templated":true}]}}