{"id":6873,"date":"2019-04-18T08:36:49","date_gmt":"2019-04-18T07:36:49","guid":{"rendered":"https:\/\/esperanto.berlin\/?p=6873"},"modified":"2019-04-18T08:36:49","modified_gmt":"2019-04-18T07:36:49","slug":"alexander-melnikow-prelegas-en-berlino","status":"publish","type":"post","link":"https:\/\/esperanto.berlin\/de\/alexander-melnikow-prelegas-en-berlino\/","title":{"rendered":"Alexander Melnikov &#8211; Vortrag in Berlin"},"content":{"rendered":"<p>Der russische Sprachwissenschaftler und Esperantist <a href=\"https:\/\/www.einewelthaus.de\/events\/ein-leben-unter-stalin-und-putin\/\">Dr Alexander Melnikow<\/a>,\u00a0 wird w\u00e4hrend seiner <a href=\"https:\/\/esperanto-france.org\/tournee-d-aleksandr-melnikov-en-mars-mai\">Vortragsreise<\/a> im Mai\u00a0 in Berlin einen Vortrag halten zum Thema:<\/p>\n<p style=\"text-align: center;\"><span style=\"font-size: 14pt;\"><em><strong>Ein Leben unter Stalin bis Putin &#8211; Aus dem Leben eines Esperantisten in verschiedenen Zeiten<\/strong><\/em><\/span><\/p>\n<p style=\"text-align: center;\">Vortrag in Esperanto (Bei Bedarf wird res\u00fcmiert bzw. \u00fcbersetzt<strong>)<\/strong><\/p>\n<p style=\"text-align: center;\"><strong>\u00a0<\/strong>Wann?<\/p>\n<p style=\"text-align: center;\"><strong>13. Mai 2019 um 19.30 Uhr<\/strong><\/p>\n<p style=\"text-align: center;\"><strong>\u00a0<\/strong>Wo?<\/p>\n<p style=\"text-align: center;\"><strong><a href=\"https:\/\/www.esperanto.de\/de\/enhavo\/der-esperanto-laden-berlin\">Esperanto-Laden<\/a>, Katzbachstra\u00dfe 25 <\/strong><\/p>\n<p>Verkehrsverbindungen: U-Bahnhof Platz der Luftbr\u00fccke (U6), Bus-Haltestelle Dudenstra\u00dfe\/Katzbachstra\u00dfe bzw. Monumentenstra\u00dfe (104, 140)<\/p>\n<div id=\"attachment_6874\" style=\"width: 540px\" class=\"wp-caption aligncenter\"><img loading=\"lazy\" decoding=\"async\" aria-describedby=\"caption-attachment-6874\" class=\" wp-image-6874\" src=\"https:\/\/esperanto.berlin\/wp-content\/uploads\/2019\/04\/Melnikow-2002-k.jpg\" alt=\"\" width=\"530\" height=\"321\" \/><p id=\"caption-attachment-6874\" class=\"wp-caption-text\">Alexander Melnikow bei einem Vortrag zur Methodik des Esperanto-Unterrichts am 10.2.2002 im Lese- und Galerie-Caf\u00e9 in Berlin-Prenzlauer Berg<br \/>Foto: Fritz Wollenberg<\/p><\/div>\n<p>Dr. Alexander Melnikow, geboren 1951, Esperantist seit 1965, leitete als Professor den Lehrstuhl f\u00fcr Fremdsprachen an einer Technischen Universit\u00e4t, ist Mitglied der Akademie des Esperanto, war einige Jahre Mitarbeiter der Interlinguistischen Studien an der Pozna\u0144er Universit\u00e4t,<\/p>\n<p>Einige Stationen: Diplomierter Chemiker, 1990 Doktorarbeit \u00fcber Theorien zur internationalen Plansprache, 2004 Habilitation zur Entstehung, Bewahrung und Weitergabe von Esperanto-Kultur, Autor von zahlreichen wissenschaftlichen und popul\u00e4rwissenschaftlichen Beitr\u00e4gen und einigen B\u00fcchern in Russisch und Esperanto.<\/p>\n<p>Sein \u201cGvidlibro tra Esperantio\u2026\u201d (F\u00fchrer durch die Esperanto-Welt &#8211; 2015) nannte Carlo Minnaja (Mitglied der Akademie des Esperanto) einen Meilenstein der Esperanto-Kultur<\/p>\n<p>Melnikow war Leiter des Esperanto-Klubs in Rostov-na-Donu, Vorsitzender von SEJM (Sowjetische Jugend-Esperanto-Bewegung), unterrichtete seit 1968 Esperanto in verschiedenen L\u00e4ndern (Nach \u201eEsperanto in Hamburg\u201c)<\/p>\n<p>&nbsp;<\/p>","protected":false},"excerpt":{"rendered":"<p>Der russische Sprachwissenschaftler und Esperantist Dr Alexander Melnikow,\u00a0 wird w\u00e4hrend seiner Vortragsreise im Mai\u00a0 in Berlin einen Vortrag halten zum Thema: Ein Leben unter Stalin bis Putin &#8211; Aus dem Leben eines Esperantisten in verschiedenen Zeiten Vortrag in Esperanto (Bei &hellip; <a href=\"https:\/\/esperanto.berlin\/de\/alexander-melnikow-prelegas-en-berlino\/\">Weiterlesen <span class=\"meta-nav\">&rarr;<\/span><\/a><\/p>\n","protected":false},"author":3,"featured_media":0,"comment_status":"closed","ping_status":"open","sticky":false,"template":"","format":"standard","meta":{"footnotes":""},"categories":[42],"tags":[384,385],"jetpack_featured_media_url":"","jetpack_shortlink":"https:\/\/wp.me\/par8jA-1MR","_links":{"self":[{"href":"https:\/\/esperanto.berlin\/de\/wp-json\/wp\/v2\/posts\/6873"}],"collection":[{"href":"https:\/\/esperanto.berlin\/de\/wp-json\/wp\/v2\/posts"}],"about":[{"href":"https:\/\/esperanto.berlin\/de\/wp-json\/wp\/v2\/types\/post"}],"author":[{"embeddable":true,"href":"https:\/\/esperanto.berlin\/de\/wp-json\/wp\/v2\/users\/3"}],"replies":[{"embeddable":true,"href":"https:\/\/esperanto.berlin\/de\/wp-json\/wp\/v2\/comments?post=6873"}],"version-history":[{"count":2,"href":"https:\/\/esperanto.berlin\/de\/wp-json\/wp\/v2\/posts\/6873\/revisions"}],"predecessor-version":[{"id":6877,"href":"https:\/\/esperanto.berlin\/de\/wp-json\/wp\/v2\/posts\/6873\/revisions\/6877"}],"wp:attachment":[{"href":"https:\/\/esperanto.berlin\/de\/wp-json\/wp\/v2\/media?parent=6873"}],"wp:term":[{"taxonomy":"category","embeddable":true,"href":"https:\/\/esperanto.berlin\/de\/wp-json\/wp\/v2\/categories?post=6873"},{"taxonomy":"post_tag","embeddable":true,"href":"https:\/\/esperanto.berlin\/de\/wp-json\/wp\/v2\/tags?post=6873"}],"curies":[{"name":"wp","href":"https:\/\/api.w.org\/{rel}","templated":true}]}}