{"id":7066,"date":"2019-06-01T12:31:05","date_gmt":"2019-06-01T11:31:05","guid":{"rendered":"https:\/\/esperanto.berlin\/?p=7066"},"modified":"2019-06-01T19:56:46","modified_gmt":"2019-06-01T18:56:46","slug":"bloch-2019-unua-libro","status":"publish","type":"post","link":"https:\/\/esperanto.berlin\/de\/bloch-2019-unua-libro\/","title":{"rendered":"Vortrag \u00fcber ein universalistisches Manifest von 1887"},"content":{"rendered":"<p><\/p>\n<div class=\"col d-flex\">\n<div class=\"mx-auto my-auto pr-4\">\n<h3 id=\"vortrag:-6-juni-1400-1600-cent\">Vortrag: 6. Juni, 14.00-16.00, Centre Marc Bloch, <a href=\"https:\/\/cmb.hu-berlin.de\/kontakt\/\">Friedrichstra\u00dfe 191<\/a>, 10117 Berlin<\/h3>\n<p>Im \u00bbCentre Marc Bloch\u00ab, einem deutsch-franz\u00f6sischen Forschungszentrum f\u00fcr Geistes- und Sozialwissenschaften in Berlin, wird es am 6. Juni 2019 einen Vortrag von Prof. <a href=\"https:\/\/cmb.hu-berlin.de\/team\/profil\/denis-eckert\/\">Denis Eckert<\/a> \u00fcber das \u00bbGr\u00fcndungsdokument\u00ab der internationen Sprache Esperanto geben. Prof. Eckerts Forschungsschwerpunkt ist \u00bb<a href=\"https:\/\/cmb.hu-berlin.de\/forschung\/forschungsschwerpunkt\/mobilitaet-migration-und-raeumliche-neuordnung\/\">Mobilit\u00e4t, Migration und r\u00e4umliche Neuordnung<\/a>\u00ab und der Fokus liegt auf Osteuropa, seinen Regionalisierungsprozessen, Migrations- und Mobilit\u00e4tsbewegungen. In dieser Region ist Ludwig Zamenhof, der Begr\u00fcnder des Esperanto, aufgewachsen und hat die Konflikte zwischen den Volksgruppen und Religionen hautnah mitbekommen. Das hat ihn zur Herausgabe einer d\u00fcnnen Brosch\u00fcre in 12 Sprachen motiviert, die Prof. <a href=\"https:\/\/cmb.hu-berlin.de\/team\/profil\/denis-eckert\/\">Denis Eckert<\/a> \u00a0in seinem Vortrag als\u00a0 \u00bbuniversalistisches Manifest\u00ab interpretiert.<\/p>\n<p>Das \u00bbCentre Marc Bloch\u00ab ist eine bi-nationale Institution, ein Ort der interdisziplin\u00e4ren Forschung und der Ausbildung des wissenschaftlichen Nachwuchses.<\/p>\n<\/div>\n<\/div>\n<h3 id=\"\u00a06-juni-1400-1600-germaine-ti\">\u00a06. Juni, 14.00-16.00, Germaine Tillion &#8211; Saal &#8211; 7. Stock<\/h3>\n<h3 id=\"centre-marc-bloch-friedrichstr\">Centre Marc Bloch, <a href=\"https:\/\/cmb.hu-berlin.de\/kontakt\/\">Friedrichstra\u00dfe 191<\/a>, 10117 Berlin<\/h3>\n<p>direkt am U-Bahnausgang Stadtmitte (U6)<\/p>\n<ul>\n<li>Vortrag von Denis Eckert (<a href=\"https:\/\/cmb.hu-berlin.de\/\">Centre Marc Bloch,<\/a> Berlin)<\/li>\n<li>Kommentar: Pascal Dubourg-Glatigny (Centre Alexandre Koyr\u00e9, Paris)<\/li>\n<li>Moderation: Nikola Tietze (Wiku, Hamburg \/Centre Marc Bloch, Berlin)<\/li>\n<\/ul>\n<p>Der Veranstalter<\/p>\n<h2 id=\"dr-esperantos-&quot;internationale-\">Dr. Esperantos &#8220;Internationale Sprache&#8221;: die zw\u00f6lf Sprachen eines universalistischen Manifests (1887)<\/h2>\n<p>1887 erschien in Warschau das \u201eErste Buch&#8221; f\u00fcr Esperanto: ein Manifest mit dem n\u00fcchternen Titel \u201eInternationale Sprache. Vorrede und vollst\u00e4ndiges Lehrbuch&#8221;. Im Zentrum des Seminars steht eine vergleichende Untersuchung der verschiedenen und in unterschiedlichen Sprachen (Russisch, Polnisch, Franz\u00f6sisch, Deutsch, Hebr\u00e4isch, Jiddisch, Englisch, Schwedisch, Litauisch, Lettisch&#8230;) quasi gleichzeitig erschienen Versionen dieses Manifests. Ziel ist es, das universalistische Projekt des Verfassers, Ludwik Zamenhof, und den Erscheinungskontext des Manifests im \u201eEuropa der Grenzen&#8221; am Ende des 19. Jahrhunderts in den Blick zu nehmen. Der Fokus richtet sich insbesondere auf die weniger bekannten Versionen (vor allem die jiddische) und auf die Frage, was jene \u00fcber Zamenhofers Versuch aussagen, sich an verschiedene \u201e\u00d6ffentlichkeiten&#8221; und Nationalit\u00e4ten in Europa zu wenden, ohne den universalistischen Anspruch des Projekts aus den Augen zu verlieren.<\/p>\n<hr \/>\n<p><a href=\"https:\/\/informilo.wordpress.com\/2016\/08\/15\/esperanto-tag\/\"><img loading=\"lazy\" decoding=\"async\" class=\" wp-image-5087 alignright\" src=\"https:\/\/esperanto.berlin\/wp-content\/uploads\/2017\/07\/Briefe-sauber-1.jpg\" alt=\"\" width=\"280\" height=\"267\" \/><\/a>Eine weniger wissenschaftliche, aber sehr am\u00fcsante Beschreibung, wie das Werk entstand, wurde 2016 zum <a href=\"https:\/\/de.wikipedia.org\/wiki\/Esperanto-Kultur#Gedenk-_und_Aktionstage\">Esperanto-Tag<\/a> (immer der 26. Juli) ver\u00f6ffentlicht.<\/p>\n<p>Es ist auch als Brosch\u00fcre (A5) erh\u00e4ltlich und der<a href=\"https:\/\/informilo.wordpress.com\/2016\/08\/15\/esperanto-tag\/\"> Inhalt kann im Internet<\/a>\u00a0 eingesehen werden.<\/p>\n<p>Das Bildmaterial wurde einer 16 seitigen Bildgeschichte von John Hornby (Text) und Colin Andrew (Bilder) entnommen, die unter dem Titel \u00bbLudovic Lazaraus Zamenhof &#8211; Inventor of Esperanto\u00ab bei <span dir=\"ltr\">Waterlow &amp; Sons Limited<\/span>, <a href=\"https:\/\/www.worldcat.org\/title\/ludovic-lazarus-zamenhof-inventor-of-esperanto\/oclc\/66683338\">1959 auf Englisch<\/a> ver\u00f6ffentlicht wurde.<\/p>\n<p><span dir=\"ltr\">Das Unternehmen <a href=\"https:\/\/en.wikipedia.org\/wiki\/Waterlow_and_Sons\">Waterlow &amp; Sons Limited<\/a><\/span> hatte eigentlich Banknoten und Briefmarken produziert. Es wurde 1961 verkauft und 2009 liquidiert. Die folgenden Beispiele wurden vom Esperanto-Centro in Herzberg, der <a href=\"http:\/\/esperanto-urbo.de\">Esperanto-Stadt<\/a> zur Verf\u00fcgung gestellt. Vielen Dank an <a href=\"https:\/\/eo.wikipedia.org\/wiki\/Zs%C3%B3fia_K%C3%B3r%C3%B3dy\">Zsofia Korody<\/a>.<\/p>\n<p><img loading=\"lazy\" decoding=\"async\" class=\"alignnone size-full wp-image-7075\" src=\"https:\/\/esperanto.berlin\/wp-content\/uploads\/2019\/06\/LLZamenhof_GB_Titolkapo.jpg\" alt=\"\" width=\"1161\" height=\"530\" \/><img loading=\"lazy\" decoding=\"async\" class=\"alignnone size-full wp-image-7076\" src=\"https:\/\/esperanto.berlin\/wp-content\/uploads\/2019\/06\/LLZamenhof_GB_Bildo1.jpg\" alt=\"\" width=\"1200\" height=\"530\" \/><\/p>","protected":false},"excerpt":{"rendered":"<p>Vortrag: 6. Juni, 14.00-16.00, Centre Marc Bloch, Friedrichstra\u00dfe 191, 10117 Berlin Im \u00bbCentre Marc Bloch\u00ab, einem deutsch-franz\u00f6sischen Forschungszentrum f\u00fcr Geistes- und Sozialwissenschaften in Berlin, wird es am 6. Juni 2019 einen Vortrag von Prof. Denis Eckert \u00fcber das \u00bbGr\u00fcndungsdokument\u00ab der &hellip; <a href=\"https:\/\/esperanto.berlin\/de\/bloch-2019-unua-libro\/\">Weiterlesen <span class=\"meta-nav\">&rarr;<\/span><\/a><\/p>\n","protected":false},"author":8,"featured_media":0,"comment_status":"closed","ping_status":"open","sticky":false,"template":"","format":"standard","meta":{"footnotes":""},"categories":[1],"tags":[],"jetpack_featured_media_url":"","jetpack_shortlink":"https:\/\/wp.me\/par8jA-1PY","_links":{"self":[{"href":"https:\/\/esperanto.berlin\/de\/wp-json\/wp\/v2\/posts\/7066"}],"collection":[{"href":"https:\/\/esperanto.berlin\/de\/wp-json\/wp\/v2\/posts"}],"about":[{"href":"https:\/\/esperanto.berlin\/de\/wp-json\/wp\/v2\/types\/post"}],"author":[{"embeddable":true,"href":"https:\/\/esperanto.berlin\/de\/wp-json\/wp\/v2\/users\/8"}],"replies":[{"embeddable":true,"href":"https:\/\/esperanto.berlin\/de\/wp-json\/wp\/v2\/comments?post=7066"}],"version-history":[{"count":11,"href":"https:\/\/esperanto.berlin\/de\/wp-json\/wp\/v2\/posts\/7066\/revisions"}],"predecessor-version":[{"id":7102,"href":"https:\/\/esperanto.berlin\/de\/wp-json\/wp\/v2\/posts\/7066\/revisions\/7102"}],"wp:attachment":[{"href":"https:\/\/esperanto.berlin\/de\/wp-json\/wp\/v2\/media?parent=7066"}],"wp:term":[{"taxonomy":"category","embeddable":true,"href":"https:\/\/esperanto.berlin\/de\/wp-json\/wp\/v2\/categories?post=7066"},{"taxonomy":"post_tag","embeddable":true,"href":"https:\/\/esperanto.berlin\/de\/wp-json\/wp\/v2\/tags?post=7066"}],"curies":[{"name":"wp","href":"https:\/\/api.w.org\/{rel}","templated":true}]}}