{"id":7273,"date":"2019-06-30T16:21:49","date_gmt":"2019-06-30T15:21:49","guid":{"rendered":"https:\/\/esperanto.berlin\/?p=7273"},"modified":"2019-08-20T15:29:47","modified_gmt":"2019-08-20T14:29:47","slug":"7-a-somera-festo-sur-esperantoplaco-28-an-de-augusto-2019","status":"publish","type":"post","link":"https:\/\/esperanto.berlin\/de\/7-a-somera-festo-sur-esperantoplaco-28-an-de-augusto-2019\/","title":{"rendered":"7. Sommerfest auf dem Esperantoplatz \u2013 28. August 2019"},"content":{"rendered":"<p>Unter dem Motto \u201eKlimaschutz spricht viele Sprachen, auch Esperanto\u201c wird das diesj\u00e4hrige Sommerfest auf dem <a href=\"https:\/\/de.wikipedia.org\/wiki\/Esperantoplatz_(Berlin)\">Esperantoplatz<\/a> am 28. August 2019 von 15.00 Uhr bis 18.00 Uhr erneut Leute aus dem Kiez und Esperanto-Sprechende von weiter her anziehen.<\/p>\n<p>Vereine und Institutionen, denen der Esperantoplatz wichtig ist, haben sich wie auch beim <a href=\"https:\/\/esperanto.berlin\/de\/somera-festo-2018\/\">Fest im vergangenen Jahr<\/a> zusammengefunden, um den Platz zu versch\u00f6nern, aufzuwerten und als Ort der Begegnung zu beleben.<\/p>\n<p>In diesem Jahr pr\u00e4gt <a href=\"http:\/\/www.yopic.de\/\">Yopic e.V.<\/a> mit seinem Projekt<a href=\"https:\/\/www.yopic.de\/be-inspired\"> \u201eBe Inspired\u201c<\/a> (<em>gef\u00f6rdert durch das Ministerium f\u00fcr Umwelt, Naturschutz und nukleare Sicherheit im Rahmen der nationalen Klimaschutzinitiative<\/em>) zum nachhaltigen Klimaschutz das Fest. Einige der beliebten Workshops sind auch auf dem Fest zu erleben \u2013 \u201eKosmetik selbst gemacht\u201c hei\u00dft es zum Beispiel am Stand.<\/p>\n<p>Auf dem Festplatz wird es eine Percussion Session geben mit Instrumenten, entstanden aus den Workshops &#8220;Upcycling: Musikinstrumente selber bauen&#8221;<\/p>\n<p>Au\u00dferdem wird ein Improvisationstheater geboten, bei dem alle ehemaligen Teilnehmer der Workshops und die Besucher eingeladen sind daran teilzunehmen. Das geschieht in Kooperation mit dem <a href=\"https:\/\/home.itzberlin.de\/wp\/\">Interkulturellen Theater-Zentrum (itz).<\/a><\/p>\n<p>Die <a href=\"https:\/\/ag-urban.de\/\">AG Urban<\/a> entwickelt eine neue Installation f\u00fcr den Esperantoplatz, die den Platz, die Sprache Esperanto und den Klimaschutz hier vorstellt. Sie soll an die Stelle des durch Vandalismus demolierten <a href=\"https:\/\/esperanto.berlin\/de\/montrokesto-sept-2016\/\">Schaukastens<\/a> treten.<\/p>\n<p>Auch in diesem Jahr wird es ein Programm geben, dessen B\u00fchne der gro\u00dfe Esperanto-Stern im Stra\u00dfenpflaster mitten auf dem Platz ist.<\/p>\n<p>Jonny M. wird mit seiner Reggae-Musik f\u00fcr Stimmung sorgen, hat mit seinen Liedern in Esperanto aber auch zum Thema des Festes viel zu sagen.<\/p>\n<p><img loading=\"lazy\" decoding=\"async\" class=\"size-full wp-image-5916 aligncenter\" src=\"https:\/\/esperanto.berlin\/wp-content\/uploads\/2018\/09\/Sommerfest-Esperantoplatz-13-k.jpg\" alt=\"\" width=\"472\" height=\"276\" \/><\/p>\n<p>Auch die Band \u201eQUERBEET (KLEZMER &amp; MEHR) ist wieder dabei, und bei der Aktion \u201eRede Klartext unter der Zamenhof-Eiche\u201c kann jeder traditionsgem\u00e4\u00df seine Gedanken und Ideen zum Platz und zum Kiez \u00e4u\u00dfern.<\/p>\n<p>A-Z Hilfen Berlin wird mit Besucherinnen und Besuchern Buttons herstellen und Kaffee, Kuchen und nicht alkoholische Ger\u00e4nke anbieten. Hier wird aus richtigen Tassen getrunken. Wegwerfartikel und Plaste verwenden wir nicht.<\/p>\n<p>W\u00e4hrend des Festes ist die <a href=\"https:\/\/de.wikipedia.org\/wiki\/St.-Richard-Kirche_(Berlin)\">Kirche St Richard<\/a> von 16.00 bis 17.00 Uhr ge\u00f6ffnet, so dass Interessierte die kulturell und k\u00fcnstlerisch interessante Innenausstattung erkunden und ins Gespr\u00e4ch kommen k\u00f6nnen.<\/p>\n<p>Der Bolzplatz gegen\u00fcber dem Esperantoplatz wird durch den <a href=\"https:\/\/www.awo-s\u00fcdost.de\/jugendarbeit-die-scheune\">AWO-Jugendclub \u201eDie Scheune\u201c<\/a> bespielt, so dass alle Generationen etwas vom Fest haben. Kinder werden auch am Schminkstand des itz ihre Freude haben.<\/p>\n<p>Die Esperanto-Liga Berlin wird unter anderem eine Ausstellung zur <a href=\"https:\/\/de.wikipedia.org\/wiki\/Esperanto-Kultur\">Esperanto-Kultur<\/a> zeigen.<\/p>\n<p>Kiez &amp; Natur h\u00e4lt alles bereit, damit w\u00e4hrend des Festes auf dem Esperantoplatz geg\u00e4rtnert werden kann und l\u00e4dt eine Woche vor dem Fest am 20. August um 10.00 Uhr schon dazu ein, den Platz zu pflegen und die B\u00e4nke neu zu streichen.<\/p>\n<p>Finanziert wird das Fest unter anderem aus dem Aktionsfond des <a href=\"http:\/\/www.richard-quartier.de\/\">Quartiersmanagements Richardplatz S\u00fcd<\/a> im Rahmen des Programms Soziale Stadt und durch die Vereine YOPIC e.V. und Kiez &amp; Natur.<\/p>\n<p>Fritz Wollenberg<\/p>","protected":false},"excerpt":{"rendered":"<p>Unter dem Motto \u201eKlimaschutz spricht viele Sprachen, auch Esperanto\u201c wird das diesj\u00e4hrige Sommerfest auf dem Esperantoplatz am 28. August 2019 von 15.00 Uhr bis 18.00 Uhr erneut Leute aus dem Kiez und Esperanto-Sprechende von weiter her anziehen. Vereine und Institutionen, &hellip; <a href=\"https:\/\/esperanto.berlin\/de\/7-a-somera-festo-sur-esperantoplaco-28-an-de-augusto-2019\/\">Weiterlesen <span class=\"meta-nav\">&rarr;<\/span><\/a><\/p>\n","protected":false},"author":3,"featured_media":0,"comment_status":"closed","ping_status":"open","sticky":false,"template":"","format":"standard","meta":{"footnotes":""},"categories":[1],"tags":[],"jetpack_featured_media_url":"","jetpack_shortlink":"https:\/\/wp.me\/par8jA-1Tj","_links":{"self":[{"href":"https:\/\/esperanto.berlin\/de\/wp-json\/wp\/v2\/posts\/7273"}],"collection":[{"href":"https:\/\/esperanto.berlin\/de\/wp-json\/wp\/v2\/posts"}],"about":[{"href":"https:\/\/esperanto.berlin\/de\/wp-json\/wp\/v2\/types\/post"}],"author":[{"embeddable":true,"href":"https:\/\/esperanto.berlin\/de\/wp-json\/wp\/v2\/users\/3"}],"replies":[{"embeddable":true,"href":"https:\/\/esperanto.berlin\/de\/wp-json\/wp\/v2\/comments?post=7273"}],"version-history":[{"count":7,"href":"https:\/\/esperanto.berlin\/de\/wp-json\/wp\/v2\/posts\/7273\/revisions"}],"predecessor-version":[{"id":7338,"href":"https:\/\/esperanto.berlin\/de\/wp-json\/wp\/v2\/posts\/7273\/revisions\/7338"}],"wp:attachment":[{"href":"https:\/\/esperanto.berlin\/de\/wp-json\/wp\/v2\/media?parent=7273"}],"wp:term":[{"taxonomy":"category","embeddable":true,"href":"https:\/\/esperanto.berlin\/de\/wp-json\/wp\/v2\/categories?post=7273"},{"taxonomy":"post_tag","embeddable":true,"href":"https:\/\/esperanto.berlin\/de\/wp-json\/wp\/v2\/tags?post=7273"}],"curies":[{"name":"wp","href":"https:\/\/api.w.org\/{rel}","templated":true}]}}