{"id":7320,"date":"2019-08-06T20:48:59","date_gmt":"2019-08-06T19:48:59","guid":{"rendered":"https:\/\/esperanto.berlin\/?p=7320"},"modified":"2019-08-06T20:48:59","modified_gmt":"2019-08-06T19:48:59","slug":"deutsch-erinnerung-einladung-zur-mitgliederversammlung-2019-08-17-berlin","status":"publish","type":"post","link":"https:\/\/esperanto.berlin\/de\/deutsch-erinnerung-einladung-zur-mitgliederversammlung-2019-08-17-berlin\/","title":{"rendered":"Erinnerung &#8211; Einladung zur Mitgliederversammlung 2019-08-17, Berlin"},"content":{"rendered":"<p>Einladung zur Mitgliederverdammlung EABB\/ELB am 17.08.2019, 15:00 Uhr in der Orangerie der Kiezspinne, Raum Kaktus!<\/p>\n<p><a href=\"https:\/\/esperanto.berlin\/wp-content\/uploads\/2019\/08\/MV-EVBB-2019-08-17.pdf\">Einladung Mitgliederversammlung &#8211; 2019-08-17<\/a><\/p>\n<p>Ronald<\/p>\n<p>&lt;&lt;&lt;&gt;&gt;&gt;<\/p>\n<p>Bonvolu veni al la Transponta Esperanto-Kongreso dum Pentekosto 2020 kun da\u016drigo al Frankfurteto kaj S\u0142ubice!<\/p>\n<p>Ali\u011du tie \u0109i:\u00a0https:\/\/www.esperanto.de\/eo\/enhavo\/transponta-esperanto-kongreso-2020<\/p>\n<p>&nbsp;<\/p>","protected":false},"excerpt":{"rendered":"<p>Einladung zur Mitgliederverdammlung EABB\/ELB am 17.08.2019, 15:00 Uhr in der Orangerie der Kiezspinne, Raum Kaktus! Einladung Mitgliederversammlung &#8211; 2019-08-17 Ronald &lt;&lt;&lt;&gt;&gt;&gt; Bonvolu veni al la Transponta Esperanto-Kongreso dum Pentekosto 2020 kun da\u016drigo al Frankfurteto kaj S\u0142ubice! Ali\u011du tie \u0109i:\u00a0https:\/\/www.esperanto.de\/eo\/enhavo\/transponta-esperanto-kongreso-2020 &nbsp;<\/p>\n","protected":false},"author":11,"featured_media":0,"comment_status":"closed","ping_status":"open","sticky":false,"template":"","format":"standard","meta":{"footnotes":""},"categories":[1],"tags":[],"jetpack_featured_media_url":"","jetpack_shortlink":"https:\/\/wp.me\/par8jA-1U4","_links":{"self":[{"href":"https:\/\/esperanto.berlin\/de\/wp-json\/wp\/v2\/posts\/7320"}],"collection":[{"href":"https:\/\/esperanto.berlin\/de\/wp-json\/wp\/v2\/posts"}],"about":[{"href":"https:\/\/esperanto.berlin\/de\/wp-json\/wp\/v2\/types\/post"}],"author":[{"embeddable":true,"href":"https:\/\/esperanto.berlin\/de\/wp-json\/wp\/v2\/users\/11"}],"replies":[{"embeddable":true,"href":"https:\/\/esperanto.berlin\/de\/wp-json\/wp\/v2\/comments?post=7320"}],"version-history":[{"count":2,"href":"https:\/\/esperanto.berlin\/de\/wp-json\/wp\/v2\/posts\/7320\/revisions"}],"predecessor-version":[{"id":7322,"href":"https:\/\/esperanto.berlin\/de\/wp-json\/wp\/v2\/posts\/7320\/revisions\/7322"}],"wp:attachment":[{"href":"https:\/\/esperanto.berlin\/de\/wp-json\/wp\/v2\/media?parent=7320"}],"wp:term":[{"taxonomy":"category","embeddable":true,"href":"https:\/\/esperanto.berlin\/de\/wp-json\/wp\/v2\/categories?post=7320"},{"taxonomy":"post_tag","embeddable":true,"href":"https:\/\/esperanto.berlin\/de\/wp-json\/wp\/v2\/tags?post=7320"}],"curies":[{"name":"wp","href":"https:\/\/api.w.org\/{rel}","templated":true}]}}