{"id":7631,"date":"2019-11-11T18:22:38","date_gmt":"2019-11-11T17:22:38","guid":{"rendered":"https:\/\/esperanto.berlin\/?p=7631"},"modified":"2019-11-17T16:14:37","modified_gmt":"2019-11-17T15:14:37","slug":"40-jaroj-hans-moser","status":"publish","type":"post","link":"https:\/\/esperanto.berlin\/de\/40-jaroj-hans-moser\/","title":{"rendered":"40 Jahre Hans Moser"},"content":{"rendered":"<p><div id=\"attachment_7633\" style=\"width: 268px\" class=\"wp-caption alignright\"><img loading=\"lazy\" decoding=\"async\" aria-describedby=\"caption-attachment-7633\" class=\" wp-image-7633\" src=\"https:\/\/esperanto.berlin\/wp-content\/uploads\/2019\/11\/Moser-2019-floro.jpg\" alt=\"\" width=\"258\" height=\"210\" \/><p id=\"caption-attachment-7633\" class=\"wp-caption-text\">Hans Moser nach 40 Jahren Esperanto-Gruppe<\/p><\/div><\/p>\n<p>Bis auf den letzten Platz besetzt war der Festsaal im \u00bbSeniorenheim Trautenaustrasse\u00ab am 6. November 2019 als Hans Moser zum 40-j\u00e4hrigen Jubil\u00e4um der \u00bb<a href=\"https:\/\/esperanto.berlin\/grupoj\/lietzensee\/\">Esperanto-Gruppe Lietzensee<\/a>\u00ab eingeladen hatte. Es waren alte Freunde und Weggef\u00e4hrten gekommen, darunter aus Tschechien der Verleger <a href=\"https:\/\/eo.wikipedia.org\/wiki\/Petr_Chrdle\">Petr Chrdle<\/a>. Er \u00fcberbrachte Gr\u00fcsse vom Esperanto-Museum in Svitatiy, das <a href=\"https:\/\/esperanto.berlin\/de\/moser-svitavy-2017\/\">Hans Moser selbst 2018 besucht<\/a> hatte.<\/p>\n<p>In seinem reich bebilderen Vortrag berichtete Hans Moser, wie er als Leiter des Nachbarschaftshauses Lietzensee 1979 die Esperanto-Gruppe mit neun Teilnehmern ins Leben gerufen hatte. In den folgenden Jahren baute die Gruppe ihre internationalen Konktakte aus, machte Reisen und liess kaum einen Esperanto-Weltkongress in Europa aus (Antwerpen <a href=\"https:\/\/eo.wikipedia.org\/wiki\/UK_1982\">1982<\/a>, Rotterdam <a href=\"https:\/\/eo.wikipedia.org\/wiki\/UK_1988\">1988<\/a>,\u00a0 Prag <a href=\"https:\/\/eo.wikipedia.org\/wiki\/UK_1996\">1996<\/a>,\u00a0 Bialystok <a href=\"https:\/\/eo.wikipedia.org\/wiki\/UK_2009\">2009<\/a>). Nat\u00fcrlich begr\u00fcsste die Gruppe auch beim Esperanto-Weltkongress in <a href=\"https:\/\/eo.wikipedia.org\/wiki\/UK_2019\">Berlin 1999<\/a>, der im ICC quasi um die Ecke stattfand, die Freunde aus dem Ausland.<\/p>\n<p>Gegenseitige Besuche gab es mit den Esperanto-Freunden in Trento (Trient), eine der <a href=\"https:\/\/www.berlin.de\/ba-charlottenburg-wilmersdorf\/ueber-den-bezirk\/sonstiges\/partnerschaften\/\">St\u00e4dtepartnerschaften<\/a> von Charlottenburg.<\/p>\n<p><img loading=\"lazy\" decoding=\"async\" class=\"wp-image-7632 alignleft\" src=\"https:\/\/esperanto.berlin\/wp-content\/uploads\/2019\/11\/Festo-40-Lietzensee-201900013.jpg\" alt=\"\" width=\"340\" height=\"162\" \/><\/p>\n<p>Der Nachmittag war, wie es in der Esperanto-Grupe Lietzensee \u00fcblich war, reich mit Musik garniert. Zuweilen griff Hans Moser selbst in die Tasten und begleitete den Chorgesang.<\/p>\n<p>Er hatte einen alten Text seines d\u00e4nischen Freundes Kai Henriksen kopiert, der eine Esperanto-Fassung der Lied von \u00bb<a href=\"https:\/\/eo.wikipedia.org\/wiki\/Lili_Marleen\">Lili Marlen<\/a>\u00ab geschrieben hatte:<\/p>\n<ul>\n<li>Sur la \u015dip&#8217; maristo sole sentas sin<br \/>\nDum en la haven&#8217; knabin&#8217; atendas lin.<br \/>\nNoktojn plen\u011duajn spertis li<br \/>\nen haven&#8217; kun \u015di. Lili,<br \/>\n\/\/: kun \u015di, Lili Marlen. :\/\/<\/li>\n<\/ul>\n<p>Zu den Lieder geh\u00f6rten Klassiker, wie \u00bbVivu la verda stel&#8217;\u00ab oder \u00bbMigrado mia korplezur&#8217; (Das Wandern ist des M\u00fcllers Lust)\u00ab und zum Abschluss die \u00bbE\u016dropa Himno\u00ab (Kantu kune amikaro, ni la \u011dojon festas nun, nek rivero, nek montaro plu landlimoj estas nun&#8217;). Hans Moser hatte selbst die \u00dcbersetzung eines bekannten Liedes beigesteuert\u00a0 (<a href=\"https:\/\/www.lieder-archiv.de\/wahre_freundschaft-notenblatt_503390.html\">Wahre Freundschaft<\/a>):<\/p>\n<ul>\n<li>Amikeco da\u016dras eterne<br \/>\nanka\u016d se \u011di estas for!<br \/>\nAmikeco vivas je interne &#8211;<br \/>\nne forgesas fidelon la kor&#8217;Se la \u015dtonoj portas viton<br \/>\nkaj elfluas fre\u015da vin&#8217;;<br \/>\nKiam morto prenos la vivon<br \/>\n\u0109esos mi fideli vin.<\/li>\n<\/ul>\n<h2 id=\"gr\u00fcsse\">Gr\u00fcsse<\/h2>\n<div id=\"attachment_7640\" style=\"width: 283px\" class=\"wp-caption alignright\"><img loading=\"lazy\" decoding=\"async\" aria-describedby=\"caption-attachment-7640\" class=\"wp-image-7640\" src=\"https:\/\/esperanto.berlin\/wp-content\/uploads\/2019\/11\/Festo-40-Lietzensee-201900014.jpg\" alt=\"\" width=\"273\" height=\"157\" \/><p id=\"caption-attachment-7640\" class=\"wp-caption-text\">Ronald Schindler (1. Vorsitzender) gratuliert im Namen der Berlin-Brandenburger Esperantisten.<\/p><\/div>\n<p>Dr. Phillip Sonntag von Esperanto-Liga Berlin, deren Unterorganisation die Esperanto-Gruppe Lietzensee \u00fcber vier Jahrzehnte war, gratulierte mit einer Deklamation im Namen des Vorstands auf Deutsch und Esperanto. Der Vorsitzende Ronald Schindler \u00fcberreichte Blumen und ein Buche.<\/p>\n<table border=\"1\" width=\"100%\" cellspacing=\"0\" cellpadding=\"4\">\n<colgroup>\n<col width=\"128*\" \/>\n<col width=\"128*\" \/> <\/colgroup>\n<tbody>\n<tr valign=\"TOP\">\n<td width=\"50%\">\u201eIch gratuliere insbesondere der Leitung der Lietzensee-Gruppe, das ist, f\u00fcr diese sensationell lange Zeit, Leitung und Umsicht von Hans Moser!<\/td>\n<td width=\"50%\"><span lang=\"it-IT\">Mi gratulas al la estraro de la Grupo Lietzensee, por sensacie longa tempo, la sa\u011dan gvidadon de s-ro Hans Moser.<\/span><\/td>\n<\/tr>\n<tr valign=\"TOP\">\n<td width=\"50%\">Die Gruppe lebt genau das, was L Zamenhof schon immer wollte: Harmonie in Bialystok, und weil es so einfach, so offensichtlich ist, war er ein Hoffender, der erste Esperantist: Esperanto sollte f\u00fcr die ganze Welt geeignet sein!<\/p>\n<p>Und das wurde in Berlin angewandt, mit Gr\u00fcndung der Gruppe durch Hans Moser am 13. Juni 1977.<\/td>\n<td width=\"50%\"><span lang=\"it-IT\">La grupo vivas \u011duste tion, kion Zamenhof jam \u0109iam volis:<\/span><\/p>\n<p><span lang=\"it-IT\">harmonio en Bjalistoko, kaj \u0109ar tio estas tiel simpla, tiel evidenta, <\/span><span lang=\"it-IT\">li estis homo, kiu esperas: Esperanto ta\u016dgu por la tuta mondo!<\/span><\/p>\n<p><span lang=\"it-IT\">La ideo pri formado de Esperantogrupo esti\u011dis jam <\/span><span lang=\"it-IT\">je la dektria de junio Mil-novcent-sepdek-sep. Tio estis la unua tago de Hans Moser kiel estro de la maljunula centro.<\/span><\/td>\n<\/tr>\n<\/tbody>\n<\/table>\n<p>&nbsp;<\/p>\n<p>Auch Ulrich Brandenburg, der Vorsitzende des Deutschen Esperanto-Bundes \u00fcberbrachte Gl\u00fcckw\u00fcnsche.<\/p>\n<div id=\"attachment_7634\" style=\"width: 2883px\" class=\"wp-caption alignnone\"><img loading=\"lazy\" decoding=\"async\" aria-describedby=\"caption-attachment-7634\" class=\"wp-image-7634 size-full\" src=\"https:\/\/esperanto.berlin\/wp-content\/uploads\/2019\/11\/Moser-Dankow-ludas-B-2019.jpg\" alt=\"\" width=\"2873\" height=\"1422\" \/><p id=\"caption-attachment-7634\" class=\"wp-caption-text\">Hans Moser und Aleksandr Danko<\/p><\/div>\n<p>Zum musikalischen Rahmenprogramm geh\u00f6rte ein Konzert der Akordeon-Virituosen <a href=\"http:\/\/www.aldanko.de\/da.htm\">Alekstandr Danko<\/a>. Er brillierte zusammen mit Hans Moser auf dem Bajan, einer russischen Variante des Knopfakkordeons. Lange ist es her, dass er 1995 nach Berlin kam und seitdem allein und in verschiedenen Ensembles auftritt. Darunter auch im Klezmer-Bereich mit anderen Esperantisten (<a href=\"http:\/\/www.freilach.com\" target=\"\" rel=\"noopener noreferrer\">Harrys Freilach<\/a>, wovon die Gruppe \u00bb<a href=\"https:\/\/esperanto.berlin\/de\/arkones-kun-berlina-klezmer\/\">Klezmorim Sennomaj<\/a>\u00ab befruchtet wurden, die beim Esperanto-Treffen ARKONES in Poznan aufgetreten ist.<\/p>\n<p>So h\u00f6rt sich Danko an: http:\/\/www.aldanko.de\/Musik\/Danko01.mp3<\/p>","protected":false},"excerpt":{"rendered":"<p>Bis auf den letzten Platz besetzt war der Festsaal im \u00bbSeniorenheim Trautenaustrasse\u00ab am 6. November 2019 als Hans Moser zum 40-j\u00e4hrigen Jubil\u00e4um der \u00bbEsperanto-Gruppe Lietzensee\u00ab eingeladen hatte. Es waren alte Freunde und Weggef\u00e4hrten gekommen, darunter aus Tschechien der Verleger Petr &hellip; <a href=\"https:\/\/esperanto.berlin\/de\/40-jaroj-hans-moser\/\">Weiterlesen <span class=\"meta-nav\">&rarr;<\/span><\/a><\/p>\n","protected":false},"author":20,"featured_media":0,"comment_status":"closed","ping_status":"open","sticky":false,"template":"","format":"standard","meta":{"footnotes":""},"categories":[12,393,40],"tags":[],"jetpack_featured_media_url":"","jetpack_shortlink":"https:\/\/wp.me\/par8jA-1Z5","_links":{"self":[{"href":"https:\/\/esperanto.berlin\/de\/wp-json\/wp\/v2\/posts\/7631"}],"collection":[{"href":"https:\/\/esperanto.berlin\/de\/wp-json\/wp\/v2\/posts"}],"about":[{"href":"https:\/\/esperanto.berlin\/de\/wp-json\/wp\/v2\/types\/post"}],"author":[{"embeddable":true,"href":"https:\/\/esperanto.berlin\/de\/wp-json\/wp\/v2\/users\/20"}],"replies":[{"embeddable":true,"href":"https:\/\/esperanto.berlin\/de\/wp-json\/wp\/v2\/comments?post=7631"}],"version-history":[{"count":16,"href":"https:\/\/esperanto.berlin\/de\/wp-json\/wp\/v2\/posts\/7631\/revisions"}],"predecessor-version":[{"id":7691,"href":"https:\/\/esperanto.berlin\/de\/wp-json\/wp\/v2\/posts\/7631\/revisions\/7691"}],"wp:attachment":[{"href":"https:\/\/esperanto.berlin\/de\/wp-json\/wp\/v2\/media?parent=7631"}],"wp:term":[{"taxonomy":"category","embeddable":true,"href":"https:\/\/esperanto.berlin\/de\/wp-json\/wp\/v2\/categories?post=7631"},{"taxonomy":"post_tag","embeddable":true,"href":"https:\/\/esperanto.berlin\/de\/wp-json\/wp\/v2\/tags?post=7631"}],"curies":[{"name":"wp","href":"https:\/\/api.w.org\/{rel}","templated":true}]}}