{"id":775,"date":"2011-11-21T09:42:22","date_gmt":"2011-11-21T08:42:22","guid":{"rendered":"http:\/\/www.esperanto.de\/bb\/?p=775"},"modified":"2011-11-21T09:42:22","modified_gmt":"2011-11-21T08:42:22","slug":"gesellschaft-fur-interlinguistik-tagt-in-berlin","status":"publish","type":"post","link":"https:\/\/esperanto.berlin\/de\/gesellschaft-fur-interlinguistik-tagt-in-berlin\/","title":{"rendered":"(Deutsch) Gesellschaft f\u00fcr Interlinguistik tagt in Berlin"},"content":{"rendered":"<p>Die <a href=\"http:\/\/www.interlinguistik-gil.de\/\" target=\"_blank\">Gesellschaft f\u00fcr Interlinguistik<\/a> (GIL) hat am Wochenende ihre diesj\u00e4hrige Tagung im Naturfreundehause in Berlin-Lichterfelde abgehalten. Das diesj\u00e4hrige Thema <a href=\"http:\/\/www.interlinguistik-gil.de\/vorlaeufig.htm\" target=\"_blank\">&#8220;Fachkommunikation \u2013 interlinguistische Aspekte&#8221;<\/a> wurde aus der Perspektive verschiedener Plansprachen wissenschaftlich diskutiert. Daneben gab es Vortr\u00e4ge zu <a href=\"http:\/\/de.wikipedia.org\/wiki\/Globish\" target=\"_blank\">Globish<\/a>, Stilfiguren im Esperanto und einen Bericht von der <a href=\"http:\/\/conference.conlang.org\/\" target=\"_blank\">Language Creation Conference<\/a>. Der Tagungsband erscheint im n\u00e4chsten Jahr.<\/p>","protected":false},"excerpt":{"rendered":"<p>Die Gesellschaft f\u00fcr Interlinguistik (GIL) hat am Wochenende ihre diesj\u00e4hrige Tagung im Naturfreundehause in Berlin-Lichterfelde abgehalten. Das diesj\u00e4hrige Thema &#8220;Fachkommunikation \u2013 interlinguistische Aspekte&#8221; wurde aus der Perspektive verschiedener Plansprachen wissenschaftlich diskutiert. Daneben gab es Vortr\u00e4ge zu Globish, Stilfiguren im Esperanto &hellip; <a href=\"https:\/\/esperanto.berlin\/de\/gesellschaft-fur-interlinguistik-tagt-in-berlin\/\">Weiterlesen <span class=\"meta-nav\">&rarr;<\/span><\/a><\/p>\n","protected":false},"author":2,"featured_media":0,"comment_status":"open","ping_status":"open","sticky":false,"template":"","format":"standard","meta":{"footnotes":""},"categories":[4,24],"tags":[],"jetpack_featured_media_url":"","jetpack_shortlink":"https:\/\/wp.me\/par8jA-cv","_links":{"self":[{"href":"https:\/\/esperanto.berlin\/de\/wp-json\/wp\/v2\/posts\/775"}],"collection":[{"href":"https:\/\/esperanto.berlin\/de\/wp-json\/wp\/v2\/posts"}],"about":[{"href":"https:\/\/esperanto.berlin\/de\/wp-json\/wp\/v2\/types\/post"}],"author":[{"embeddable":true,"href":"https:\/\/esperanto.berlin\/de\/wp-json\/wp\/v2\/users\/2"}],"replies":[{"embeddable":true,"href":"https:\/\/esperanto.berlin\/de\/wp-json\/wp\/v2\/comments?post=775"}],"version-history":[{"count":0,"href":"https:\/\/esperanto.berlin\/de\/wp-json\/wp\/v2\/posts\/775\/revisions"}],"wp:attachment":[{"href":"https:\/\/esperanto.berlin\/de\/wp-json\/wp\/v2\/media?parent=775"}],"wp:term":[{"taxonomy":"category","embeddable":true,"href":"https:\/\/esperanto.berlin\/de\/wp-json\/wp\/v2\/categories?post=775"},{"taxonomy":"post_tag","embeddable":true,"href":"https:\/\/esperanto.berlin\/de\/wp-json\/wp\/v2\/tags?post=775"}],"curies":[{"name":"wp","href":"https:\/\/api.w.org\/{rel}","templated":true}]}}