{"id":7775,"date":"2020-01-12T16:53:53","date_gmt":"2020-01-12T15:53:53","guid":{"rendered":"https:\/\/esperanto.berlin\/?p=7775"},"modified":"2020-01-13T00:13:40","modified_gmt":"2020-01-12T23:13:40","slug":"11-a-zamenhofa-matentagmango","status":"publish","type":"post","link":"https:\/\/esperanto.berlin\/de\/11-a-zamenhofa-matentagmango\/","title":{"rendered":"Bericht Zamenhof-Fr\u00fchst\u00fcck"},"content":{"rendered":"<p>Die Plattform <a href=\"https:\/\/sezonoj.ru\/\">La Balta Ondo<\/a> hat einen Bericht des Veranstalters unter dem Titel <a title=\"Permanent Link to &quot;Zamenhofa Matentagman\u011do en Berlino&quot;\" href=\"https:\/\/sezonoj.ru\/2019\/12\/germanio-12\/\" rel=\"bookmark\">Zamenhofa Matentagman\u011do en Berlino<\/a>\u00a0\u00fcbernommen. Darin heisst es:<\/p>\n<p>Es haben in diesem Jahr (2019) 22 Personen teilgenommen, darunter einige Ausl\u00e4nder, die in Berlin leben. Es waren etwa weniger als fr\u00fcher, weil die Werbung zu sp\u00e4t einsetzte.\u00a0 Fr\u00fcher waren es \u00fcber 30, manchmal 40 Teilnehmer. Nicht alle sprechen Esperanto. Es kommen auch Lebenspartner und Kinder der Esperanto-Sprecher, so dass es immer einen Tisch gibt, an dem Deutsch gesprochen wird. Viele der Teilnehmer sind unter 50, also von einer Altersgruppe, die man sonst selten bei den Berlinr Esperanto-Veranstaltungen trifft.<\/p>\n<p>Die Einladung (datiert auf den 4. Dezember 2019) lautete:<\/p>\n<p><strong>So. 8. Dezember, 10 bis 15 Uhr<\/strong>,\u00a0 Zamenhof-Fr\u00fchst\u00fcck im Restaurant\u00a0 <a href=\"http:\/\/www.alhamra.de\" target=\"_blank\" rel=\"nofollow noopener noreferrer\"> <b>Al Hamra<\/b><\/a> Raumerstrasse 16, 10437 Berlin-Friedrichshain. Das ist seit mehr als einem Jahrzehnt ein gem\u00fctliches Beisammensein von Esperanto-Sprechern aus der ganzen Welt, die in Berlin wohnen, studieren oder arbeiten.<\/p>\n<p><a href=\"https:\/\/esperanto.berlin\/sephora-matenmango\/\">Impressionen<\/a> aus dem Jahr 2017<\/p>\n<p><a href=\"https:\/\/web.facebook.com\/events\/2592315967663380\/\">Mehr dazu<\/a><\/p>","protected":false},"excerpt":{"rendered":"<p>Die Plattform La Balta Ondo hat einen Bericht des Veranstalters unter dem Titel Zamenhofa Matentagman\u011do en Berlino\u00a0\u00fcbernommen. Darin heisst es: Es haben in diesem Jahr (2019) 22 Personen teilgenommen, darunter einige Ausl\u00e4nder, die in Berlin leben. Es waren etwa weniger &hellip; <a href=\"https:\/\/esperanto.berlin\/de\/11-a-zamenhofa-matentagmango\/\">Weiterlesen <span class=\"meta-nav\">&rarr;<\/span><\/a><\/p>\n","protected":false},"author":8,"featured_media":0,"comment_status":"closed","ping_status":"open","sticky":false,"template":"","format":"standard","meta":{"footnotes":""},"categories":[420,25,178],"tags":[],"jetpack_featured_media_url":"","jetpack_shortlink":"https:\/\/wp.me\/par8jA-21p","_links":{"self":[{"href":"https:\/\/esperanto.berlin\/de\/wp-json\/wp\/v2\/posts\/7775"}],"collection":[{"href":"https:\/\/esperanto.berlin\/de\/wp-json\/wp\/v2\/posts"}],"about":[{"href":"https:\/\/esperanto.berlin\/de\/wp-json\/wp\/v2\/types\/post"}],"author":[{"embeddable":true,"href":"https:\/\/esperanto.berlin\/de\/wp-json\/wp\/v2\/users\/8"}],"replies":[{"embeddable":true,"href":"https:\/\/esperanto.berlin\/de\/wp-json\/wp\/v2\/comments?post=7775"}],"version-history":[{"count":6,"href":"https:\/\/esperanto.berlin\/de\/wp-json\/wp\/v2\/posts\/7775\/revisions"}],"predecessor-version":[{"id":7901,"href":"https:\/\/esperanto.berlin\/de\/wp-json\/wp\/v2\/posts\/7775\/revisions\/7901"}],"wp:attachment":[{"href":"https:\/\/esperanto.berlin\/de\/wp-json\/wp\/v2\/media?parent=7775"}],"wp:term":[{"taxonomy":"category","embeddable":true,"href":"https:\/\/esperanto.berlin\/de\/wp-json\/wp\/v2\/categories?post=7775"},{"taxonomy":"post_tag","embeddable":true,"href":"https:\/\/esperanto.berlin\/de\/wp-json\/wp\/v2\/tags?post=7775"}],"curies":[{"name":"wp","href":"https:\/\/api.w.org\/{rel}","templated":true}]}}