{"id":7903,"date":"2020-01-14T13:37:50","date_gmt":"2020-01-14T12:37:50","guid":{"rendered":"https:\/\/esperanto.berlin\/?p=7903"},"modified":"2020-01-15T06:27:14","modified_gmt":"2020-01-15T05:27:14","slug":"lunde-ce-viktoriaparko-februaro-2020-esperanto-en-pollando-nuntempe","status":"publish","type":"post","link":"https:\/\/esperanto.berlin\/de\/lunde-ce-viktoriaparko-februaro-2020-esperanto-en-pollando-nuntempe\/","title":{"rendered":"Montags am Viktoriapark \u2013 Februar 2020 \u2013 Esperanto in Polen heute"},"content":{"rendered":"<p><img loading=\"lazy\" decoding=\"async\" class=\"alignnone wp-image-7417\" src=\"https:\/\/esperanto.berlin\/wp-content\/uploads\/2019\/09\/Esperanto-Laden-Katzbachstr-25-k.jpg\" alt=\"\" width=\"165\" height=\"238\" \/><img loading=\"lazy\" decoding=\"async\" class=\"wp-image-7416 alignnone\" src=\"https:\/\/esperanto.berlin\/wp-content\/uploads\/2019\/09\/Viktoriapark-2017-k.jpg\" alt=\"\" width=\"304\" height=\"238\" \/><\/p>\n<p>Esperanto-Kulturabend im Esperanto-Laden, Katzbachstra\u00dfe 25 (Kreuzberg), Beitr\u00e4ge und Gespr\u00e4ch in Esperanto \u2013 F\u00fcr G\u00e4ste wird res\u00fcmiert bzw. \u00fcbersetzt.<\/p>\n<p>Verkehrsverbindungen: U6, Buslinie 248 \u2013 Platz der Luftbr\u00fccke, Buslinien 104 und 140 \u2013 Dudenstra\u00dfe\/Katzbachstra\u00dfe<\/p>\n<h2 id=\"-dezember-2019-1930-uhr\"><strong>3. Februar 2020, <\/strong><strong>19.30 Uhr<\/strong><\/h2>\n<p style=\"text-align: center;\"><strong>\u201eEsperanto in Polen heute\u201c<\/strong><\/p>\n<p>Johann Pachter besucht regelm\u00e4\u00dfig Esperanto-Kongresse und andere Treffen in Polen, auch die Vorbereitungsrunden f\u00fcr den Transponta Esperanto-Kongreso in Frankfurt und S\u0142ubice. Er ist Mitglied des \u00d6rtlichen Kongresskomitees f\u00fcr die Vorbereitung dieses Kongresses Die Aktiven des Polnischen Esperanto-Verbandes kennt er pers\u00f6nlich &#8211; den Vorsitzenden des Polnischen Esperanto-Verbandes und Chefredakteur der Zeitschrift <em>Pola Esperantisto<\/em> Robert Kami\u0144ski und die Vorsitzende der Polnischen Esperanto-Jugend Romualda Jeziorowska ebenso wie Ma\u0142gorzata Wanda Zaleska Zamenhof, die Urenkelin des Esperanto-Begr\u00fcnders und viele andere.<\/p>\n<p>In dieser Veranstaltung wird er auf der Grundlage seiner umfangreichen Detailkenntnisse ein buntes Bild der aktuellen Situation von Esperanto in Polen zeichnen.<\/p>\n<div id=\"attachment_7905\" style=\"width: 500px\" class=\"wp-caption aligncenter\"><img loading=\"lazy\" decoding=\"async\" aria-describedby=\"caption-attachment-7905\" class=\" wp-image-7905\" src=\"https:\/\/esperanto.berlin\/wp-content\/uploads\/2020\/01\/Zamenhoffest-Berlin-2.jpg\" alt=\"\" width=\"490\" height=\"135\" \/><p id=\"caption-attachment-7905\" class=\"wp-caption-text\">Zamenhoffest in Berlin im Dezember 2019 &#8211; Ralf Fr\u00f6hlich stellt die Esperanto-Station in Halbe vor \/ Birke, Alena und Bertil musizieren \/ Brasilianische Esperanto-Freunde pr\u00e4sentieren ihr Land<\/p><\/div>\n<p>Zu den Zuschauern und Mitgestaltern des interessanten Programms des Berliner Zamenhoffestes im Dezember 2019 geh\u00f6rten gem\u00e4\u00df der Tradition auch polnische Esperanto-Freunde.<\/p>\n<div id=\"attachment_7904\" style=\"width: 488px\" class=\"wp-caption aligncenter\"><img loading=\"lazy\" decoding=\"async\" aria-describedby=\"caption-attachment-7904\" class=\" wp-image-7904\" src=\"https:\/\/esperanto.berlin\/wp-content\/uploads\/2020\/01\/Zamenhoffest-Berlin-1.jpg\" alt=\"\" width=\"478\" height=\"118\" \/><p id=\"caption-attachment-7904\" class=\"wp-caption-text\">Zamenhoffest in Berlin im Dezember 2019 &#8211; Anna Laskowska aus Lublin, Janusz Duda aus Zielona G\u00f3ra, Aleksander Zdechlik aus Zabrze\u00a0 und Irena Tomaszewska aus Szczecin auf dem Podium<\/p><\/div>\n<p style=\"text-align: center;\">\u2014\u2014\u2014\u2014\u2014\u2014\u2014\u2014\u2014\u2014\u2014\u2014\u2014\u2014\u2014\u2013<\/p>\n<p style=\"text-align: center;\">Jahresthema 2020 f\u00fcr <em>Montags am Viktoriapark<\/em><strong><br \/>\n<\/strong><\/p>\n<p style=\"text-align: center;\"><strong>Die Sprache Esperanto \u2013 Br\u00fccke zwischen Deutschen und Polen<br \/>\n<\/strong><\/p>\n<p style=\"text-align: center;\"><strong><a href=\"https:\/\/www.esperanto.de\/de\/dek2020\">Gemeinsamer Esperanto-Kongress<\/a>: Deutschland, Polen, Eisenbahner vom 29. Mai bis 1. Juni 2020 in Frankfurt an der Oder und S\u0142ubice<\/strong><\/p>\n<p style=\"text-align: center;\">\u2014\u2014\u2014\u2014\u2014\u2014\u2014\u2014\u2014\u2014\u2014\u2014\u2014\u2014\u2014\u2013<\/p>\n<p>Zum Treffen: <a href=\"https:\/\/esperanto.berlin\/de\/viktoriapark\/\">Montags am Viktoriapark<\/a><\/p>","protected":false},"excerpt":{"rendered":"<p>Esperanto-Kulturabend im Esperanto-Laden, Katzbachstra\u00dfe 25 (Kreuzberg), Beitr\u00e4ge und Gespr\u00e4ch in Esperanto \u2013 F\u00fcr G\u00e4ste wird res\u00fcmiert bzw. \u00fcbersetzt. Verkehrsverbindungen: U6, Buslinie 248 \u2013 Platz der Luftbr\u00fccke, Buslinien 104 und 140 \u2013 Dudenstra\u00dfe\/Katzbachstra\u00dfe 3. Februar 2020, 19.30 Uhr \u201eEsperanto in Polen &hellip; <a href=\"https:\/\/esperanto.berlin\/de\/lunde-ce-viktoriaparko-februaro-2020-esperanto-en-pollando-nuntempe\/\">Weiterlesen <span class=\"meta-nav\">&rarr;<\/span><\/a><\/p>\n","protected":false},"author":3,"featured_media":0,"comment_status":"closed","ping_status":"open","sticky":false,"template":"","format":"standard","meta":{"footnotes":""},"categories":[411],"tags":[],"jetpack_featured_media_url":"","jetpack_shortlink":"https:\/\/wp.me\/par8jA-23t","_links":{"self":[{"href":"https:\/\/esperanto.berlin\/de\/wp-json\/wp\/v2\/posts\/7903"}],"collection":[{"href":"https:\/\/esperanto.berlin\/de\/wp-json\/wp\/v2\/posts"}],"about":[{"href":"https:\/\/esperanto.berlin\/de\/wp-json\/wp\/v2\/types\/post"}],"author":[{"embeddable":true,"href":"https:\/\/esperanto.berlin\/de\/wp-json\/wp\/v2\/users\/3"}],"replies":[{"embeddable":true,"href":"https:\/\/esperanto.berlin\/de\/wp-json\/wp\/v2\/comments?post=7903"}],"version-history":[{"count":8,"href":"https:\/\/esperanto.berlin\/de\/wp-json\/wp\/v2\/posts\/7903\/revisions"}],"predecessor-version":[{"id":7914,"href":"https:\/\/esperanto.berlin\/de\/wp-json\/wp\/v2\/posts\/7903\/revisions\/7914"}],"wp:attachment":[{"href":"https:\/\/esperanto.berlin\/de\/wp-json\/wp\/v2\/media?parent=7903"}],"wp:term":[{"taxonomy":"category","embeddable":true,"href":"https:\/\/esperanto.berlin\/de\/wp-json\/wp\/v2\/categories?post=7903"},{"taxonomy":"post_tag","embeddable":true,"href":"https:\/\/esperanto.berlin\/de\/wp-json\/wp\/v2\/tags?post=7903"}],"curies":[{"name":"wp","href":"https:\/\/api.w.org\/{rel}","templated":true}]}}