{"id":7949,"date":"2020-02-16T16:43:00","date_gmt":"2020-02-16T15:43:00","guid":{"rendered":"https:\/\/esperanto.berlin\/?p=7949"},"modified":"2020-02-17T17:13:02","modified_gmt":"2020-02-17T16:13:02","slug":"deutsch-einladung-zur-jahreshauptversammlung-2020-in-berlin","status":"publish","type":"post","link":"https:\/\/esperanto.berlin\/de\/deutsch-einladung-zur-jahreshauptversammlung-2020-in-berlin\/","title":{"rendered":"Einladung zur Jahreshauptversammlung 2020 in Berlin"},"content":{"rendered":"<p><a href=\"https:\/\/esperanto.berlin\/wp-content\/uploads\/2020\/02\/Einladung-JHV-2020-03-14.pdf\">Einladung &#8211; Jahreshauptversammlung ELBB &#8211; 2020-03-14<\/a><\/p>\n<blockquote><p><span style=\"font-size: 24pt;\"><strong>Einladung &#8211; Invito<\/strong><\/span><\/p><\/blockquote>\n<p><strong>Die<\/strong><strong> Esperanto-Liga Berlin-Brandenburg<\/strong><\/p>\n<p>l\u00e4dt ein zu ihrer<\/p>\n<p><strong>Jahreshauptversammlung 2020 in Berlin<\/strong><\/p>\n<p>Ort:\u00a0\u00a0\u00a0\u00a0\u00a0\u00a0\u00a0\u00a0\u00a0\u00a0\u00a0\u00a0 <strong> Kiezspinne FAS, Orangerie<\/strong><\/p>\n<p>Adresse: \u00a0\u00a0\u00a0 Schulze-Boysen-Str. 38 | 10365 Berlin; Raum: gr\u00fcner Kaktus<\/p>\n<p>Datum:\u00a0\u00a0\u00a0\u00a0\u00a0\u00a0 14. M\u00e4rz 2020, 15:00-18:00<\/p>\n<p><strong>Programm<\/strong><strong>:<\/strong><\/p>\n<p><strong>15:00 Uhr<a href=\"#_ftn1\" name=\"_ftnref1\">[1]<\/a> Begr\u00fcssung der Mitglieder und G\u00e4ste<\/strong><\/p>\n<p><strong>15:30 Uhr Beginn der Jahreshauptversammlung<\/strong><\/p>\n<ul>\n<li>Wahl eines Protokollf\u00fchrers<\/li>\n<li>Vorstandsberichte 2019<\/li>\n<li>Finanzbericht<\/li>\n<li>Berichte der Kommissionen\/Beauftragten\n<ul>\n<li>Revisionskommission<\/li>\n<li>Beschwerdekommission<\/li>\n<li>Kommunikation\/\u00d6ffentlichkeitsarbeit<\/li>\n<\/ul>\n<\/li>\n<li>Berichte aus den Gruppen und Initiativen<\/li>\n<li>Diskussion zu den Berichten<\/li>\n<li>Entlastung des Vorstands<\/li>\n<li><strong>Vorstandswahlen<\/strong>\n<ul>\n<li>Vorsitzender<\/li>\n<li>Schriftf\u00fchrer<\/li>\n<li>Kassierer<\/li>\n<li>ggf. Weitere Mitglieder<\/li>\n<\/ul>\n<\/li>\n<li><strong>Wahl der Beauftragten<\/strong> (soweit notwendig)\n<ul>\n<li>Kassenpr\u00fcfer<\/li>\n<li>Beschwerdekommission<\/li>\n<li>\u00d6ffentlichkeitsarbeit<\/li>\n<\/ul>\n<\/li>\n<li>Eigene Vorhaben 2020 (Auszug)\n<ul>\n<li>2020-05-01 Br\u00fcckenfest in Frankfurt (Oder)<\/li>\n<li>2020-05-29\/06-05 TRAKO 2020 (Transponta Kongreso)<em> \u00a0 \u00a0 \u00a0 \u00a0 \u00a0 \u00a0 \u00a0 \u00a0 \u00a0 \u00a0 \u00a0 \u00a0 \u00a0 \u00a0 \u00a0 \u00a0 \u00a0 \u00a0 \u00a0 \u00a0\u00a0 (Deutsch-Polnischer und Eisenbahner-Kongress)<\/em><\/li>\n<li>2020-08-26 Sommerfest auf dem Esperantoplatz<\/li>\n<li>2020-12-14 Zamenhoffest, Kiezspinne<\/li>\n<\/ul>\n<\/li>\n<\/ul>\n<ul>\n<li>Sonstiges<\/li>\n<li><strong><em>Prelego: \u201eBauhaus en Berlino kaj speciale en Lichtenberg\u201c (Peter K\u00fchnel)<\/em><\/strong><\/li>\n<\/ul>\n<p>\u00dcber die Orangerie der Kiezspinne ist ein kleiner Imbiss + Getr\u00e4nke m\u00f6glich!<\/p>\n<p><strong>18:00 Uhr Ende der Jahreshauptversammlung<\/strong><\/p>\n<p>Berichte und Kandidatenvorschl\u00e4ge bzw. \u2013bereitschaften f\u00fcr den Vorstand und Beauftragte\/Kommissionsmitglieder sind (soweit m\u00f6glich) bis zum 07.03.2020 schriftlich beim Vorstand einzureichen.<\/p>\n<p>Den Vorstand w\u00fcrden wir gerne verj\u00fcngen! Kandidaten voran!<\/p>\n<p><em>Wir laden herzlich alle Mitglieder der ELBB und weitere Esperanto-Freunde als G\u00e4ste ein.<\/em><\/p>\n<p><strong>Ronald Schindler<\/strong><\/p>\n<p>prezidanto ELBB<\/p>\n<p>Tel.: +4915141419673<\/p>\n<p>RonaldSchindler@web.de (prefere)<\/p>\n<p><a href=\"#_ftnref1\" name=\"_ftn1\">[1]<\/a> 14:00 Uhr Vorbereitung des Raums<\/p>","protected":false},"excerpt":{"rendered":"<p>Einladung &#8211; Jahreshauptversammlung ELBB &#8211; 2020-03-14 Einladung &#8211; Invito Die Esperanto-Liga Berlin-Brandenburg l\u00e4dt ein zu ihrer Jahreshauptversammlung 2020 in Berlin Ort:\u00a0\u00a0\u00a0\u00a0\u00a0\u00a0\u00a0\u00a0\u00a0\u00a0\u00a0\u00a0 Kiezspinne FAS, Orangerie Adresse: \u00a0\u00a0\u00a0 Schulze-Boysen-Str. 38 | 10365 Berlin; Raum: gr\u00fcner Kaktus Datum:\u00a0\u00a0\u00a0\u00a0\u00a0\u00a0 14. M\u00e4rz 2020, 15:00-18:00 Programm: &hellip; <a href=\"https:\/\/esperanto.berlin\/de\/deutsch-einladung-zur-jahreshauptversammlung-2020-in-berlin\/\">Weiterlesen <span class=\"meta-nav\">&rarr;<\/span><\/a><\/p>\n","protected":false},"author":11,"featured_media":0,"comment_status":"closed","ping_status":"open","sticky":false,"template":"","format":"standard","meta":{"footnotes":""},"categories":[2,42,203,4,158,40],"tags":[],"jetpack_featured_media_url":"","jetpack_shortlink":"https:\/\/wp.me\/par8jA-24d","_links":{"self":[{"href":"https:\/\/esperanto.berlin\/de\/wp-json\/wp\/v2\/posts\/7949"}],"collection":[{"href":"https:\/\/esperanto.berlin\/de\/wp-json\/wp\/v2\/posts"}],"about":[{"href":"https:\/\/esperanto.berlin\/de\/wp-json\/wp\/v2\/types\/post"}],"author":[{"embeddable":true,"href":"https:\/\/esperanto.berlin\/de\/wp-json\/wp\/v2\/users\/11"}],"replies":[{"embeddable":true,"href":"https:\/\/esperanto.berlin\/de\/wp-json\/wp\/v2\/comments?post=7949"}],"version-history":[{"count":4,"href":"https:\/\/esperanto.berlin\/de\/wp-json\/wp\/v2\/posts\/7949\/revisions"}],"predecessor-version":[{"id":7955,"href":"https:\/\/esperanto.berlin\/de\/wp-json\/wp\/v2\/posts\/7949\/revisions\/7955"}],"wp:attachment":[{"href":"https:\/\/esperanto.berlin\/de\/wp-json\/wp\/v2\/media?parent=7949"}],"wp:term":[{"taxonomy":"category","embeddable":true,"href":"https:\/\/esperanto.berlin\/de\/wp-json\/wp\/v2\/categories?post=7949"},{"taxonomy":"post_tag","embeddable":true,"href":"https:\/\/esperanto.berlin\/de\/wp-json\/wp\/v2\/tags?post=7949"}],"curies":[{"name":"wp","href":"https:\/\/api.w.org\/{rel}","templated":true}]}}