{"id":813,"date":"2011-12-03T12:26:15","date_gmt":"2011-12-03T11:26:15","guid":{"rendered":"http:\/\/www.esperanto.de\/bb\/?p=813"},"modified":"2011-12-03T12:26:15","modified_gmt":"2011-12-03T11:26:15","slug":"pm-zfest-2011","status":"publish","type":"post","link":"https:\/\/esperanto.berlin\/de\/pm-zfest-2011\/","title":{"rendered":"(Deutsch) PM Zamenhoffest 17. Dezember 2011"},"content":{"rendered":"<p><\/p>\n<div>\n<h2 style=\"text-align: right;\">Pressemitteilung, 6. Dezember 2011<\/h2>\n<div>\n<div>\n<h2>Esperanto &#8211; eine internationale Sprache feiert<\/h2>\n<h3>Samstag, 17. 12. 2011, 16 h, <span style=\"color: #000000;\"><span style=\"font-family: Arial,sans-serif;\"><strong>Zentrum Danziger 50, <\/strong><\/span><\/span><strong><span style=\"font-family: Arial,sans-serif;\">Danziger Stra\u00dfe 50<\/span><\/strong><span style=\"color: #000000;\"><span style=\"font-family: Arial,sans-serif;\"><strong>, <\/strong><\/span><\/span><strong><span style=\"font-family: Arial,sans-serif;\">10435<\/span><\/strong><span style=\"color: #000000;\"><span style=\"font-family: Arial,sans-serif;\"><strong> Berlin<\/strong><\/span><\/span><\/h3>\n<p>Eintritt frei, Speisen und Getr\u00e4nke zum Selbstkostenpreis.<\/p>\n<p>Der &#8220;Meister&#8221; hatte sich jeglichen Personenkult verbeten. Trotzdem konnte er nicht verhindern, da\u00df in den ersten Jahrzehnten nach der Ver\u00f6ffentlichung des Projekts der internationalen Sprache Esperanto im Jahr 1887 sein Sch\u00f6pfer, der Augenarzt Ludwig Zamenhof, als &#8220;Majstro&#8221; tituliert und verehrt wurden.<\/p>\n<p>In den ersten Jahrzehnten des 20. Jahrhunderts gab es immer wieder Zamenhof zum Anfassen. Bei allen Esperanto-Weltkongressen, sogar im fernen Washington D.C. im Jahr 1910, war der bescheidene Mediziner aus Warschau unter den vielen hundert, teilweise tausenden Teilnehmern. Stets in Begleitung seiner Ehefrau Klara,\u00a0 deren Vater die Ver\u00f6ffentlichung der neuen Sprache in einer Serie von Brosch\u00fcren durch seine finanzielle Unterst\u00fctzung \u00fcberhaupt erm\u00f6glicht hatte.<\/p>\n<p>Als Esperanto zur sozialen Bewegung wurde, hatte sein Urheber Zamenhof im Vorgriff auf das Konzept der &#8220;Open Source&#8221; auf alle Rechte verzichtet und die Weiterentwicklung in die H\u00e4nde der &#8220;User&#8221; der Sprache gelegt. Nicht mehr er allein, sondern fachlich qualifizierte Gremien \u00fcberwachten von nun an die Entwicklung der internationalen Sprache, regulierten den Wortschatz und versuchten &#8211; nicht immer erfolgreich &#8211; allzu ambitionierte Weiterentwicklungen auf den Boden der Tatsachen zur\u00fcckzuholen.<\/p>\n<p>Kurz nach seinem Tod im Jahr 1917 b\u00fcrgerte sich auch der Brauch ein, Zamenhofs Gebutstag am 15. Dezember 1859 zu feiern, der ja praktischerweise in die Adventszeit f\u00e4llt. Insbesondere die lokalen Esperanto-Gruppen begehen diesen Tag weltweit mit ausgew\u00e4hlten Kostproben aus dem kulturellen Schaffen einer internationale vernetzten Szene bei Kaffee und Kuchen.<\/p>\n<p>In Berlin kann man diesen &#8220;Tag der Esperanto-Kultur&#8221; am Samstag, den 17. Dezember im Zentrum Danziger 50 (Danziger Str. 50, 10435 Berlin) miterleben. Einla\u00df ist ab 15 Uhr. Um 16 Uhr begr\u00fc\u00dft Felix Zesch, der Vorsitzende des Esperanto-Verbands Berlin-Brandenburg die Anwesenden und l\u00e4\u00dft die Aktivit\u00e4ten im vergangenen Jahr Revue passieren: internationale Kongresse, internationale G\u00e4ste, Buch- und Filmpremieren. Das wichtigste Ereignis im Jahr 2012 wird der Esperanto-Kongress an Pfingsten sein, der als gemeinsames Projekt der polnischen, d\u00e4nischen und deutschen Espernto-Verb\u00e4nde vorgestellt wird. Es wird eine \u00fcppige Auswahl an Esperanto-Literatur zum Kauf angeboten und um 19:30 wird der in Italien produzierte Film &#8220;Doktoro Esperanto&#8221; gezeigt, der 50 Minuten dauert.<\/p>\n<p>Verantwortlich<br \/>\nRoland Schnell<br \/>\nPressesprecher Esperanto-Verband Berlin-Brandenburg e.V.<\/p>\n<\/div>\n<\/div>\n<div>\n<div>\n<p>0 160 \/ 71 12 247<\/p>\n<p><a href=\"mailto:esperanto@berlin.de\" target=\"_blank\">esperanto@berlin.de<\/a><\/p>\n<\/div>\n<\/div>\n<div>\n<div>\n<p>Kontaktadressen:<\/p>\n<p>Esperanto-Jugend Berlin\u00a0 <a href=\"..\/..\/..\/ej.berlin\/cms\/\" target=\"_blank\">http:\/\/www.esperanto.de\/ej.berlin\/<\/a><\/p>\n<\/div>\n<p>Esperanto-Verband Berlin-Brandenburg e.V. <a href=\"..\/..\/\" target=\"_blank\">http:\/\/www.esperanto.de\/bb\/<\/a><\/p>\n<div>\n<p>Deutscher Esperanto-Bund e.V. <a href=\"..\/..\/..\/\" target=\"_blank\">http:\/\/www.esperanto.de<\/a><\/p>\n<\/div>\n<p>Esperanto-Kurse Volkshochschule: <a href=\"..\/..\/kurse-an-der-vhs-lichtenberg\/\" target=\"_blank\">http:\/\/www.esperanto.de\/bb\/kurse-an-der-vhs-lichtenberg\/<\/a><\/p>\n<p>Daten zum Film &#8220;Doktoro Esperanto&#8221;<\/p>\n<p><a href=\"http:\/\/www.edistudio.it\/doktoro-esperanto-A132.html\">http:\/\/www.edistudio.it\/doktoro-esperanto-A132.html<\/a><\/p>\n<\/div>\n<\/div>\n<p><\/p>","protected":false},"excerpt":{"rendered":"<p>Pressemitteilung, 6. Dezember 2011 Esperanto &#8211; eine internationale Sprache feiert Samstag, 17. 12. 2011, 16 h, Zentrum Danziger 50, Danziger Stra\u00dfe 50, 10435 Berlin Eintritt frei, Speisen und Getr\u00e4nke zum Selbstkostenpreis. Der &#8220;Meister&#8221; hatte sich jeglichen Personenkult verbeten. Trotzdem konnte &hellip; <a href=\"https:\/\/esperanto.berlin\/de\/pm-zfest-2011\/\">Weiterlesen <span class=\"meta-nav\">&rarr;<\/span><\/a><\/p>\n","protected":false},"author":8,"featured_media":0,"comment_status":"open","ping_status":"open","sticky":false,"template":"","format":"standard","meta":{"footnotes":""},"categories":[30,4,36],"tags":[],"jetpack_featured_media_url":"","jetpack_shortlink":"https:\/\/wp.me\/par8jA-d7","_links":{"self":[{"href":"https:\/\/esperanto.berlin\/de\/wp-json\/wp\/v2\/posts\/813"}],"collection":[{"href":"https:\/\/esperanto.berlin\/de\/wp-json\/wp\/v2\/posts"}],"about":[{"href":"https:\/\/esperanto.berlin\/de\/wp-json\/wp\/v2\/types\/post"}],"author":[{"embeddable":true,"href":"https:\/\/esperanto.berlin\/de\/wp-json\/wp\/v2\/users\/8"}],"replies":[{"embeddable":true,"href":"https:\/\/esperanto.berlin\/de\/wp-json\/wp\/v2\/comments?post=813"}],"version-history":[{"count":0,"href":"https:\/\/esperanto.berlin\/de\/wp-json\/wp\/v2\/posts\/813\/revisions"}],"wp:attachment":[{"href":"https:\/\/esperanto.berlin\/de\/wp-json\/wp\/v2\/media?parent=813"}],"wp:term":[{"taxonomy":"category","embeddable":true,"href":"https:\/\/esperanto.berlin\/de\/wp-json\/wp\/v2\/categories?post=813"},{"taxonomy":"post_tag","embeddable":true,"href":"https:\/\/esperanto.berlin\/de\/wp-json\/wp\/v2\/tags?post=813"}],"curies":[{"name":"wp","href":"https:\/\/api.w.org\/{rel}","templated":true}]}}