{"id":9045,"date":"2021-04-18T20:45:02","date_gmt":"2021-04-18T19:45:02","guid":{"rendered":"https:\/\/esperanto.berlin\/?p=9045"},"modified":"2021-04-18T21:39:06","modified_gmt":"2021-04-18T20:39:06","slug":"lietzensee-gis-somero","status":"publish","type":"post","link":"https:\/\/esperanto.berlin\/de\/lietzensee-gis-somero\/","title":{"rendered":"Lietzensee bis zum Sommer"},"content":{"rendered":"<p><div id=\"attachment_9047\" style=\"width: 305px\" class=\"wp-caption alignright\"><img loading=\"lazy\" decoding=\"async\" aria-describedby=\"caption-attachment-9047\" class=\" wp-image-9047\" src=\"https:\/\/esperanto.berlin\/wp-content\/uploads\/2021\/04\/Haus-Herbartstr.-bunt.jpg\" alt=\"\" width=\"295\" height=\"227\" \/><p id=\"caption-attachment-9047\" class=\"wp-caption-text\">Herbartstr. 25 am Lietzensee<\/p><\/div><\/p>\n<p class=\"klarigo-western\">Die Treffen in der Herbartstrasse 25 finden ab Mai 2021 wieder von 14:00 Uhr bis 16:00 Uhr statt, weil das Kaminzimmer <span style=\"color: #000000;\"><span style=\"font-family: Liberation Sans, Arial, sans-serif;\"><span style=\"font-size: large;\"><span lang=\"de-DE\">dann f\u00fcr eine andere<\/span><\/span><\/span><\/span> Veranstaltung ben\u00f6tigt wird.<\/p>\n<p class=\"klarigo-western\">Sie sind als Hybrid-Angebot konzipiert und <span style=\"color: #000000;\"><span style=\"font-family: Liberation Sans, Arial, sans-serif;\"><span style=\"font-size: large;\"><span lang=\"de-DE\">erm\u00f6glichen die Teilna<\/span><\/span><\/span><\/span><span style=\"color: #000000;\"><span style=\"font-family: Liberation Sans, Arial, sans-serif;\"><span style=\"font-size: large;\"><span lang=\"de-DE\">h<\/span><\/span><\/span><\/span><span style=\"color: #000000;\"><span style=\"font-family: Liberation Sans, Arial, sans-serif;\"><span style=\"font-size: large;\"><span lang=\"de-DE\">me durch den <\/span><\/span><\/span><\/span>ZOOM-Bereich des Deutschen Esperanto-Bundes (<a class=\"western\" href=\"http:\/\/www.esperanto.de\/\">www.esperanto.de<\/a>).<\/p>\n<p class=\"klarigo-western\">Zugang <span style=\"color: #000000;\"><span style=\"font-family: Liberation Sans, Arial, sans-serif;\"><span style=\"font-size: large;\"><span lang=\"de-DE\">mit<\/span><\/span><\/span><\/span> Computer, Tablet, Smartphone (auf Wunsch mit Video):<\/p>\n<p class=\"klarigo-western\">Der <a href=\"https:\/\/esperanto.berlin\/ek-2021-lietzensee\/\">direkte Link<\/a> <span style=\"color: #000000;\"><span style=\"font-family: Liberation Sans, Arial, sans-serif;\"><span style=\"font-size: large;\"><span lang=\"de-DE\">steht<\/span><\/span><\/span><\/span> bei https:\/\/esperanto.berlin\/de\/ek-2021-lietzensee\/<\/p>\n<p class=\"klarigo-western\">Wer schon Zoom installiert hat, kann die folgenden Daten verwenden<\/p>\n<p class=\"klarigo-1-western\">Meeting-ID:\u00a0966\u00a09709\u00a01494<br \/>\nKenncode: la jaro de la Unua Libro (Wer das nicht wei\u00df, kann telefonisch oder per E-Mail <a href=\"https:\/\/esperanto.berlin\/de\/presse\/\">nachfragen<\/a>)<\/p>\n<p class=\"klarigo-1-western\">Auch mit jedem Telefon (Festnetz oder Mobil) kann man teilnehmen, allerdings ohne Bild. In Deutschland geht das mit den Nummern:<\/p>\n<table style=\"width: 100%; border-style: solid; border-color: #000000; background-color: #e1f0eb;\" width=\"100%\" cellspacing=\"0\" cellpadding=\"0\">\n<colgroup>\n<col width=\"92*\" \/>\n<col width=\"164*\" \/> <\/colgroup>\n<tbody>\n<tr valign=\"top\">\n<td style=\"width: 36%;\" width=\"36%\">\n<p class=\"western\"><span style=\"font-size: medium;\"><span style=\"font-family: Verdana;\">+49 30 5679 5800<\/span><\/span><\/p>\n<\/td>\n<td style=\"width: 64%;\" width=\"64%\">\n<p class=\"western\"><span style=\"font-size: medium;\"><span style=\"font-family: Verdana;\">(Berlin, Tarif im Ortsnetz)<\/span><\/span><\/p>\n<\/td>\n<\/tr>\n<tr valign=\"top\">\n<td style=\"width: 36%;\" width=\"36%\">\n<p class=\"western\"><span style=\"font-size: medium;\"><span style=\"font-family: Verdana;\">+49 69 7104 9922<br \/>\n+49 69 3807 9883<br \/>\n+49 69 5050 2596<\/span> <\/span><\/p>\n<\/td>\n<td style=\"width: 64%;\" width=\"64%\">\n<p id=\"von-anderen-l\u00e4ndern-aus-gelte\" class=\"klarigo-western\"><span style=\"font-size: medium;\">Von anderen L\u00e4ndern aus gelten andere Telefonnummern und es fallen eventuell h\u00f6here Geb\u00fchren an.<\/span><\/p>\n<\/td>\n<\/tr>\n<\/tbody>\n<\/table>\n<p class=\"klarigo-western\">Man mu\u00df die Meeting-ID und den Kenncode \u00fcber die Tastatur des Telefons eingeben. Nummern m\u00fcssen mit der Rautentaste (<span style=\"font-family: Nachlieli CLM;\">#<\/span>) best\u00e4tigt werden.<\/p>\n<p class=\"klarigo-1-western\">Auf Teilnehmer mit dem Telefon k\u00f6nnen sich zu Wort melden, wenn Sie den Code <strong>*9<\/strong> f\u00fcr eine Wortmeldung eingeben und mit <strong>*6<\/strong> Stummschaltung deaktivieren (Mikrofon des Telefons ein- und ausschalten.<\/p>\n<h2 id=\"die-daten-sind-bis-sommer\" class=\"western\">Die Daten sind bis Sommer<\/h2>\n<table style=\"border-style: solid; width: 964px; border-color: #000000; background-color: #d7dba4;\" border=\"1\" width=\"964\" cellspacing=\"2\" cellpadding=\"6\">\n<colgroup>\n<col width=\"117\" \/>\n<col width=\"164\" \/>\n<col width=\"645\" \/> <\/colgroup>\n<tbody>\n<tr valign=\"top\">\n<td style=\"border-color: #000000; width: 117px;\" width=\"117\">\n<p class=\"western\" align=\"justify\">3. Mai<\/p>\n<\/td>\n<td width=\"164\"><\/td>\n<td width=\"645\"><\/td>\n<\/tr>\n<tr valign=\"top\">\n<td width=\"117\">\n<p class=\"western\" align=\"justify\">10. Mai<\/p>\n<\/td>\n<td width=\"164\"><\/td>\n<td width=\"645\"><\/td>\n<\/tr>\n<tr valign=\"top\">\n<td width=\"117\">\n<p class=\"western\" align=\"justify\">17. Mai<\/p>\n<\/td>\n<td width=\"164\"><\/td>\n<td width=\"645\"><\/td>\n<\/tr>\n<tr valign=\"top\">\n<td width=\"117\">\n<p class=\"western\" align=\"justify\">24. Mai<\/p>\n<\/td>\n<td width=\"164\">\n<p class=\"western\" align=\"justify\">Pfingstmontag<\/p>\n<\/td>\n<td width=\"645\">\n<p class=\"western\" align=\"justify\">Deutscher Esperantokongress Online<\/p>\n<\/td>\n<\/tr>\n<tr valign=\"top\">\n<td width=\"117\">\n<p class=\"western\" align=\"justify\">31. Mai<\/p>\n<\/td>\n<td width=\"164\"><\/td>\n<td width=\"645\"><\/td>\n<\/tr>\n<tr valign=\"top\">\n<td width=\"117\">\n<p class=\"western\" align=\"justify\">7.Juni<\/p>\n<\/td>\n<td width=\"164\"><\/td>\n<td width=\"645\"><\/td>\n<\/tr>\n<tr valign=\"top\">\n<td width=\"117\">\n<p class=\"western\" align=\"justify\">14. Juni<\/p>\n<\/td>\n<td width=\"164\"><\/td>\n<td width=\"645\"><\/td>\n<\/tr>\n<tr valign=\"top\">\n<td width=\"117\">\n<p class=\"western\" align=\"justify\">21. Juni<\/p>\n<\/td>\n<td width=\"164\"><\/td>\n<td width=\"645\"><\/td>\n<\/tr>\n<tr valign=\"top\">\n<td width=\"117\">\n<p class=\"western\" align=\"justify\">28. Juni<\/p>\n<\/td>\n<td width=\"164\"><\/td>\n<td width=\"645\"><\/td>\n<\/tr>\n<tr valign=\"top\">\n<td width=\"117\">\n<p class=\"western\" align=\"justify\">5. Juli<\/p>\n<\/td>\n<td width=\"164\"><\/td>\n<td width=\"645\"><\/td>\n<\/tr>\n<tr valign=\"top\">\n<td width=\"117\">\n<p class=\"western\" align=\"justify\">12. Juli<\/p>\n<\/td>\n<td width=\"164\"><\/td>\n<td width=\"645\"><\/td>\n<\/tr>\n<tr valign=\"top\">\n<td width=\"117\">\n<p class=\"western\" align=\"justify\">19. Juli<\/p>\n<\/td>\n<td width=\"164\"><\/td>\n<td width=\"645\"><\/td>\n<\/tr>\n<tr valign=\"top\">\n<td width=\"117\">\n<p class=\"western\" align=\"justify\">26. Juli<\/p>\n<\/td>\n<td width=\"164\"><\/td>\n<td width=\"645\"><\/td>\n<\/tr>\n<tr valign=\"top\">\n<td width=\"117\">\n<p class=\"western\" align=\"justify\">2. August<\/p>\n<\/td>\n<td width=\"164\"><\/td>\n<td width=\"645\"><\/td>\n<\/tr>\n<\/tbody>\n<\/table>\n<h1 id=\"--da-die-teilnehmer-in-der-reg\" class=\"klarigo-western\"><\/h1>\n<p class=\"klarigo-western\">Da die Teilnehmer in der Regel Vorkenntnisse haben, ist es kein reiner Anf\u00e4ngerkurs. Es wird jeweils ein A<a href=\"https:\/\/esperanto.berlin\/terapio\/deutsch-arbeitsblatter-lietzensee\/\">rbeitsblatt mit einem kurzen Text<\/a> ausgegeben, das zum Lesen (Aussprache), \u00dcbersetzen und Kennenlernen der Grammatik verwendet wird.<\/p>\n<p class=\"klarigo-western\">Die Arbeitsbl\u00e4tter k\u00f6nnen als PDF zum Ausdrucken von esperanto.berlin herunergeladen werden oder werden mit der Post zugesandt.<\/p>\n<p class=\"klarigo-western\">Am 24. Mai (Pfingsmontag) findet kein Treffen in der Herbartstrasse statt. Alternativ kann auf Wunsch ein Spaziergang angeboten werden.<\/p>\n<h2 id=\"deutsche-esperanto-kongress-de\" class=\"western\">Deutsche Esperanto-Kongress (DEK) an Pfingsten<\/h2>\n<p class=\"klarigo-western\"><a href=\"https:\/\/www.esperanto.de\/de\/dek2021\"><img loading=\"lazy\" decoding=\"async\" class=\"size-medium alignleft\" src=\"https:\/\/www.esperanto.de\/sites\/default\/files\/esperanto.de\/DEB%20DEK%202020\/TRAKO%20hibrida%20sen%20rando%202021_0.jpg\" width=\"322\" height=\"200\" \/><\/a>Was f\u00fcr S\u0142ubice \/ Frankfurt (Oder) als Br\u00fcckenkongress geplant war, mu\u00df 2021 ausfallen und findet virtuell statt.<\/p>\n<p class=\"klarigo-western\">Die Teilenahme ist DEK ist kostenlos, aber es ist eine Anmeldung ist erforderlich.<\/p>\n<p class=\"klarigo-western\">Einzelheiten: <a class=\"western\" href=\"https:\/\/www.esperanto.de\/de\/dek2021\">https:\/\/www.esperanto.de\/de\/dek2021<\/a><\/p>\n<table width=\"100%\" cellspacing=\"0\" cellpadding=\"6\">\n<colgroup>\n<col width=\"63*\" \/>\n<col width=\"21*\" \/>\n<col width=\"172*\" \/> <\/colgroup>\n<tbody>\n<tr valign=\"top\">\n<td width=\"25%\">\n<p class=\"klarigo-western\" align=\"justify\">Veranstalter sind:<\/p>\n<\/td>\n<td width=\"8%\">\n<p class=\"klarigo-western\" align=\"justify\">DEB<\/p>\n<\/td>\n<td width=\"67%\">\n<p class=\"klarigo-western\" align=\"justify\">Deutscher Esperanto-Bund<\/p>\n<\/td>\n<\/tr>\n<tr valign=\"top\">\n<td width=\"25%\"><\/td>\n<td width=\"8%\">\n<p class=\"klarigo-western\" align=\"justify\">PZE<\/p>\n<\/td>\n<td width=\"67%\">\n<p class=\"klarigo-western\" align=\"justify\">Polski Zwi\u0105zek Esperantyst\u00f3w<\/p>\n<\/td>\n<\/tr>\n<tr valign=\"top\">\n<td width=\"25%\"><\/td>\n<td width=\"8%\">\n<p class=\"klarigo-western\" align=\"justify\">IFEF<\/p>\n<\/td>\n<td width=\"67%\">\n<p class=\"klarigo-western\" align=\"justify\">Internationale F\u00f6deration der Eisenbahner-Esperantisten<\/p>\n<\/td>\n<\/tr>\n<\/tbody>\n<\/table>\n<p class=\"klarigo-western\">Das Programm ist noch nicht fertig.<\/p>\n<h1 id=\"--\" class=\"klarigo-western\"><\/h1>\n<h1 class=\"klarigo-western\"><\/h1>\n<p><\/p>","protected":false},"excerpt":{"rendered":"<p>Die Treffen in der Herbartstrasse 25 finden ab Mai 2021 wieder von 14:00 Uhr bis 16:00 Uhr statt, weil das Kaminzimmer dann f\u00fcr eine andere Veranstaltung ben\u00f6tigt wird. Sie sind als Hybrid-Angebot konzipiert und erm\u00f6glichen die Teilnahme durch den ZOOM-Bereich &hellip; <a href=\"https:\/\/esperanto.berlin\/de\/lietzensee-gis-somero\/\">Weiterlesen <span class=\"meta-nav\">&rarr;<\/span><\/a><\/p>\n","protected":false},"author":8,"featured_media":0,"comment_status":"closed","ping_status":"closed","sticky":false,"template":"","format":"standard","meta":{"footnotes":""},"categories":[441,40],"tags":[],"jetpack_featured_media_url":"","jetpack_shortlink":"https:\/\/wp.me\/par8jA-2lT","_links":{"self":[{"href":"https:\/\/esperanto.berlin\/de\/wp-json\/wp\/v2\/posts\/9045"}],"collection":[{"href":"https:\/\/esperanto.berlin\/de\/wp-json\/wp\/v2\/posts"}],"about":[{"href":"https:\/\/esperanto.berlin\/de\/wp-json\/wp\/v2\/types\/post"}],"author":[{"embeddable":true,"href":"https:\/\/esperanto.berlin\/de\/wp-json\/wp\/v2\/users\/8"}],"replies":[{"embeddable":true,"href":"https:\/\/esperanto.berlin\/de\/wp-json\/wp\/v2\/comments?post=9045"}],"version-history":[{"count":6,"href":"https:\/\/esperanto.berlin\/de\/wp-json\/wp\/v2\/posts\/9045\/revisions"}],"predecessor-version":[{"id":9060,"href":"https:\/\/esperanto.berlin\/de\/wp-json\/wp\/v2\/posts\/9045\/revisions\/9060"}],"wp:attachment":[{"href":"https:\/\/esperanto.berlin\/de\/wp-json\/wp\/v2\/media?parent=9045"}],"wp:term":[{"taxonomy":"category","embeddable":true,"href":"https:\/\/esperanto.berlin\/de\/wp-json\/wp\/v2\/categories?post=9045"},{"taxonomy":"post_tag","embeddable":true,"href":"https:\/\/esperanto.berlin\/de\/wp-json\/wp\/v2\/tags?post=9045"}],"curies":[{"name":"wp","href":"https:\/\/api.w.org\/{rel}","templated":true}]}}