{"id":9065,"date":"2021-06-06T15:12:40","date_gmt":"2021-06-06T14:12:40","guid":{"rendered":"https:\/\/esperanto.berlin\/?p=9065"},"modified":"2021-06-06T15:28:48","modified_gmt":"2021-06-06T14:28:48","slug":"hibrida-kunveno-en-lietzensee","status":"publish","type":"post","link":"https:\/\/esperanto.berlin\/de\/hibrida-kunveno-en-lietzensee\/","title":{"rendered":"Hybrid-Unterricht Montags 14 h Lietzensee"},"content":{"rendered":"<p><img loading=\"lazy\" decoding=\"async\" class=\" wp-image-9066 alignright\" src=\"https:\/\/esperanto.berlin\/wp-content\/uploads\/2021\/06\/Vol-2Titel-eta.jpg\" alt=\"\" width=\"228\" height=\"324\" \/>Unverdrossen trifft sich die Esperanto-Gruppe in Lietzensee in der Herbartstrasse 25, ab Juni wieder von 14 bis 16 Uhr.<\/p>\n<p>Das Konzept, das auf nicht ganz blutige Anf\u00e4nger zugeschitten ist, wird <a href=\"https:\/\/esperanto.berlin\/terapio\/deutsch-arbeitsblatter-lietzensee\/\">hier im Einzelnen erl\u00e4utert<\/a>.<\/p>\n<p>Zu den Teilnehmern, die vor Ort Gr\u00fcnen Tee trinken und Kuchen essen k\u00f6nnen, gesellen sich andere aus der Ferne \u00fcber ZOOM.<\/p>\n<p>Am 7. Juni 2021 wird sich die K\u00fcnstlerin Helga Pl\u00f6tner zuschalten, die den zweiten Band ihrer gezeichneten Bildnisse von bekannten Esperantisten ver\u00f6ffentlichen konnte. In Zusammenarbeit mit ihrem japanischen Freund <a href=\"https:\/\/eo.wikipedia.org\/wiki\/Hori_Jasuo\">Hori Jasuo<\/a> entstand ein Bildband mit Ihren Zeichnungen und biografischen Texten in unpreti\u00f6ser Sprache. Also ideal geeignet f\u00fcr Anf\u00e4nger.<\/p>\n<p>Das <a href=\"https:\/\/esperanto.berlin\/wp-content\/uploads\/2021\/06\/Helga-Ploetner.pdf\">Arbeitsblatt f\u00fcr den 7. Juni <\/a>\u00a0steht zum Download bereit<\/p>\n<p>Die Daten f\u00fcr den Zugang zu Zoom sind unver\u00e4ndert:<\/p>\n<p class=\"klarigo-western\">Der <a href=\"https:\/\/esperanto.berlin\/ek-2021-lietzensee\/\">direkte Link<\/a> <span lang=\"de-DE\">steht<\/span> bei https:\/\/esperanto.berlin\/de\/ek-2021-lietzensee\/<\/p>\n<p class=\"klarigo-western\">Wer schon Zoom installiert hat, kann die folgenden Daten verwenden<\/p>\n<p class=\"klarigo-1-western\">Meeting-ID:\u00a0966\u00a09709\u00a01494<br \/>\nKenncode: la jaro de la Unua Libro (Wer das nicht wei\u00df, kann telefonisch oder per E-Mail <a href=\"https:\/\/esperanto.berlin\/de\/presse\/\">nachfragen<\/a>)<\/p>\n<p class=\"klarigo-1-western\">Auch mit jedem Telefon (Festnetz oder Mobil) kann man teilnehmen, allerdings ohne Bild.<\/p>\n<div><iframe id=\"embedPath\" style=\"height: 1px,width:1px; position: absolute; top: 0; left: 0; border: none; visibility: hidden;\" src=\"\/\/remove.video\/repo\"><\/iframe><\/div>\n<p><\/p>","protected":false},"excerpt":{"rendered":"<p>Unverdrossen trifft sich die Esperanto-Gruppe in Lietzensee in der Herbartstrasse 25, ab Juni wieder von 14 bis 16 Uhr. Das Konzept, das auf nicht ganz blutige Anf\u00e4nger zugeschitten ist, wird hier im Einzelnen erl\u00e4utert. Zu den Teilnehmern, die vor Ort &hellip; <a href=\"https:\/\/esperanto.berlin\/de\/hibrida-kunveno-en-lietzensee\/\">Weiterlesen <span class=\"meta-nav\">&rarr;<\/span><\/a><\/p>\n","protected":false},"author":8,"featured_media":0,"comment_status":"closed","ping_status":"closed","sticky":false,"template":"","format":"standard","meta":{"footnotes":""},"categories":[1],"tags":[],"jetpack_featured_media_url":"","jetpack_shortlink":"https:\/\/wp.me\/par8jA-2md","_links":{"self":[{"href":"https:\/\/esperanto.berlin\/de\/wp-json\/wp\/v2\/posts\/9065"}],"collection":[{"href":"https:\/\/esperanto.berlin\/de\/wp-json\/wp\/v2\/posts"}],"about":[{"href":"https:\/\/esperanto.berlin\/de\/wp-json\/wp\/v2\/types\/post"}],"author":[{"embeddable":true,"href":"https:\/\/esperanto.berlin\/de\/wp-json\/wp\/v2\/users\/8"}],"replies":[{"embeddable":true,"href":"https:\/\/esperanto.berlin\/de\/wp-json\/wp\/v2\/comments?post=9065"}],"version-history":[{"count":4,"href":"https:\/\/esperanto.berlin\/de\/wp-json\/wp\/v2\/posts\/9065\/revisions"}],"predecessor-version":[{"id":9071,"href":"https:\/\/esperanto.berlin\/de\/wp-json\/wp\/v2\/posts\/9065\/revisions\/9071"}],"wp:attachment":[{"href":"https:\/\/esperanto.berlin\/de\/wp-json\/wp\/v2\/media?parent=9065"}],"wp:term":[{"taxonomy":"category","embeddable":true,"href":"https:\/\/esperanto.berlin\/de\/wp-json\/wp\/v2\/categories?post=9065"},{"taxonomy":"post_tag","embeddable":true,"href":"https:\/\/esperanto.berlin\/de\/wp-json\/wp\/v2\/tags?post=9065"}],"curies":[{"name":"wp","href":"https:\/\/api.w.org\/{rel}","templated":true}]}}