{"id":9132,"date":"2021-07-13T17:32:03","date_gmt":"2021-07-13T16:32:03","guid":{"rendered":"https:\/\/esperanto.berlin\/?p=9132"},"modified":"2021-07-13T17:32:03","modified_gmt":"2021-07-13T16:32:03","slug":"lunde-ce-viktoriaparko-augusto-2021-kiel-uzi-vikipedion-kiel-kunlabori-en-vikipedio","status":"publish","type":"post","link":"https:\/\/esperanto.berlin\/de\/lunde-ce-viktoriaparko-augusto-2021-kiel-uzi-vikipedion-kiel-kunlabori-en-vikipedio\/","title":{"rendered":"Montags am Viktoriapark \u2013 August 2021 \u2013 Wie Wikipedia nutzen? Wie in Wikipedia mitarbeiten?"},"content":{"rendered":"<p><img loading=\"lazy\" decoding=\"async\" class=\"alignnone wp-image-7417\" src=\"https:\/\/esperanto.berlin\/wp-content\/uploads\/2019\/09\/Esperanto-Laden-Katzbachstr-25-k.jpg\" alt=\"\" width=\"209\" height=\"302\" \/><img loading=\"lazy\" decoding=\"async\" class=\"alignnone wp-image-7416\" src=\"https:\/\/esperanto.berlin\/wp-content\/uploads\/2019\/09\/Viktoriapark-2017-k.jpg\" alt=\"\" width=\"385\" height=\"302\" \/><\/p>\n<p>Esperanto-Kulturabend im Esperanto-Laden, Katzbachstra\u00dfe 25 (Kreuzberg), Beitr\u00e4ge und Gespr\u00e4ch in Esperanto \u2013 F\u00fcr G\u00e4ste wird res\u00fcmiert bzw. \u00fcbersetzt.<\/p>\n<p>Verkehrsverbindungen: U6, Buslinie 248 \u2013 Platz der Luftbr\u00fccke, Buslinien 104 und 140 \u2013 Dudenstra\u00dfe\/Katzbachstra\u00dfe<\/p>\n<h2 id=\"-dezember-2019-1930-uhr\"><strong>2. August 2021, <\/strong><strong>19.30 Uhr<\/strong><\/h2>\n<p><strong>\u201eWie Wikipedia nutzen? Wie in Wikipedia mitarbeiten?\u201c<\/strong><\/p>\n<p>F\u00fcr jeden, der die freie Online-Enzyklop\u00e4die Wikipedia nicht nur\u00a0 oberfl\u00e4chlich hin und wieder als Lexikon nutzen m\u00f6chte, sondern den Aufbau einer Wikipedia-Seite und die vielen Informationen rund um so eine Seite genauer durchschauen will, bietet dieser Abend viele Informationen. Auch wie jeder eine Wikipedia-Seite bearbeiten bzw. eine Seite zu einem neuen Stichwort erstellen kann, wird gezeigt. Das betrifft sowohl die deutschsprachige Wikipedia als auch die esperantosprachige (Vikipedio).<\/p>\n<p>2021 erschien zu Berlin und Brandenburg diese neue Seite in der esperantosprachigen Wikipedia: <a href=\"https:\/\/eo.wikipedia.org\/wiki\/Socialista_Esperanto-Asocio\">Socialista Esperanto-Asocio<\/a>.<\/p>\n<p>In der deutschsprachigen Wikipedia erschienen dazu 2021 folgende neue Seiten: <a href=\"https:\/\/de.wikipedia.org\/wiki\/Jean_Borel_(Esperantist)\">Jean Borel (Esperantist)<\/a>, <a href=\"https:\/\/de.wikipedia.org\/wiki\/Adolf_Sproeck\">Adolf Sproeck<\/a>, <a href=\"https:\/\/de.wikipedia.org\/wiki\/Sozialistischer_Esperanto-Bund\">Sozialistischer Esperanto-Bund<\/a>, <a href=\"https:\/\/de.wikipedia.org\/wiki\/Karl_Schulze_(%C3%9Cbersetzer)\">Karl Schulze (\u00dcbersetzer)<\/a>, <a href=\"https:\/\/de.wikipedia.org\/wiki\/Deutscher_Arbeiter-Esperanto-Bund\">Deutscher Arbeiter-Esperanto-Bund<\/a>,<\/p>\n<p>In der Esperanto-Wikipedia wurden 2021 folgende Seiten wesentlich \u00fcberarbeitet: <a href=\"https:\/\/eo.wikipedia.org\/wiki\/Wilhelm_Julius_Foerster\">Wilhelm Julius Foerster<\/a>, <a href=\"https:\/\/eo.wikipedia.org\/wiki\/Jean_Forge\">Jean Forge<\/a>, <a href=\"https:\/\/eo.wikipedia.org\/wiki\/GLEA\">Germana Laborista Esperanto-Asocio<\/a>, <a href=\"https:\/\/eo.wikipedia.org\/wiki\/Esperanto-Asocio_de_GDR\">Esperanto-Asocio de GDR<\/a>, <a href=\"https:\/\/eo.wikipedia.org\/wiki\/Germana_Esperanto-Asocio\">Germana Esperanto-Asocio<\/a>, <a href=\"https:\/\/eo.wikipedia.org\/wiki\/Adolf_Sproeck\">Adolf Sproeck<\/a>, <a href=\"https:\/\/eo.wikipedia.org\/wiki\/Jean_Borel\">Jean Borel<\/a>, <a href=\"https:\/\/eo.wikipedia.org\/wiki\/Wilhelm_Wetekamp\">Wilhelm Wittbrodt<\/a>, <a href=\"https:\/\/eo.wikipedia.org\/wiki\/Wilhelm_Wetekamp\">Wilhelm Wetekamp<\/a> und <a href=\"https:\/\/eo.wikipedia.org\/wiki\/Hans_Breitenbach\">Hans Breitenbach<\/a>.<\/p>\n<p>In der deutschsprachigen Wikipedia wurden 2021 folgende Seiten wesentlich \u00fcberarbeitet: <a href=\"https:\/\/de.wikipedia.org\/wiki\/Jan_Fethke\">Jan Fethke<\/a>, <a href=\"https:\/\/de.wikipedia.org\/wiki\/Wilhelm_Wittbrodt\">Wilhelm Wittbrodt<\/a>,\u00a0 <a href=\"https:\/\/de.wikipedia.org\/wiki\/Deutscher_Esperanto-Bund\">Deutscher Esperanto-Bund<\/a>, <a href=\"https:\/\/de.wikipedia.org\/wiki\/Wilhelm_Wetekamp\">Wilhelm Wetekamp<\/a>, <a href=\"https:\/\/de.wikipedia.org\/wiki\/Esperanto-Verband_im_Kulturbund_der_DDR\">Esperanto-Verband im Kulturbund der DDR<\/a>.<\/p>\n<p>Zum Treffen: <a href=\"https:\/\/esperanto.berlin\/de\/viktoriapark\/\">Montags am Viktoriapark<\/a><\/p>","protected":false},"excerpt":{"rendered":"<p>Esperanto-Kulturabend im Esperanto-Laden, Katzbachstra\u00dfe 25 (Kreuzberg), Beitr\u00e4ge und Gespr\u00e4ch in Esperanto \u2013 F\u00fcr G\u00e4ste wird res\u00fcmiert bzw. \u00fcbersetzt. Verkehrsverbindungen: U6, Buslinie 248 \u2013 Platz der Luftbr\u00fccke, Buslinien 104 und 140 \u2013 Dudenstra\u00dfe\/Katzbachstra\u00dfe 2. August 2021, 19.30 Uhr \u201eWie Wikipedia nutzen? &hellip; <a href=\"https:\/\/esperanto.berlin\/de\/lunde-ce-viktoriaparko-augusto-2021-kiel-uzi-vikipedion-kiel-kunlabori-en-vikipedio\/\">Weiterlesen <span class=\"meta-nav\">&rarr;<\/span><\/a><\/p>\n","protected":false},"author":3,"featured_media":0,"comment_status":"closed","ping_status":"closed","sticky":false,"template":"","format":"standard","meta":{"footnotes":""},"categories":[411],"tags":[483,484],"jetpack_featured_media_url":"","jetpack_shortlink":"https:\/\/wp.me\/par8jA-2ni","_links":{"self":[{"href":"https:\/\/esperanto.berlin\/de\/wp-json\/wp\/v2\/posts\/9132"}],"collection":[{"href":"https:\/\/esperanto.berlin\/de\/wp-json\/wp\/v2\/posts"}],"about":[{"href":"https:\/\/esperanto.berlin\/de\/wp-json\/wp\/v2\/types\/post"}],"author":[{"embeddable":true,"href":"https:\/\/esperanto.berlin\/de\/wp-json\/wp\/v2\/users\/3"}],"replies":[{"embeddable":true,"href":"https:\/\/esperanto.berlin\/de\/wp-json\/wp\/v2\/comments?post=9132"}],"version-history":[{"count":1,"href":"https:\/\/esperanto.berlin\/de\/wp-json\/wp\/v2\/posts\/9132\/revisions"}],"predecessor-version":[{"id":9133,"href":"https:\/\/esperanto.berlin\/de\/wp-json\/wp\/v2\/posts\/9132\/revisions\/9133"}],"wp:attachment":[{"href":"https:\/\/esperanto.berlin\/de\/wp-json\/wp\/v2\/media?parent=9132"}],"wp:term":[{"taxonomy":"category","embeddable":true,"href":"https:\/\/esperanto.berlin\/de\/wp-json\/wp\/v2\/categories?post=9132"},{"taxonomy":"post_tag","embeddable":true,"href":"https:\/\/esperanto.berlin\/de\/wp-json\/wp\/v2\/tags?post=9132"}],"curies":[{"name":"wp","href":"https:\/\/api.w.org\/{rel}","templated":true}]}}