{"id":9146,"date":"2021-08-17T17:03:59","date_gmt":"2021-08-17T16:03:59","guid":{"rendered":"https:\/\/esperanto.berlin\/?p=9146"},"modified":"2021-08-17T17:28:45","modified_gmt":"2021-08-17T16:28:45","slug":"lietzensee-2012-somero","status":"publish","type":"post","link":"https:\/\/esperanto.berlin\/de\/lietzensee-2012-somero\/","title":{"rendered":"Montags 14 h Lietzensee"},"content":{"rendered":"<p>Die Esperanto Treffen in der<a href=\"https:\/\/esperanto.berlin\/nova-etapo-herbartstrato\/\"> Herbartstrasse 25<\/a> in Berlin Lietzensee gehen weiter. Das Konzept basiert auf den Erfahrungen von Alberto Flores aus Brasilien, der erkannt hatte, welche positiven Eigenschaften <a href=\"https:\/\/esperanto.berlin\/de\/terapio\/raporto-flores-2011\/\">Esperanto f\u00fcr Senioren<\/a> hat.<\/p>\n<p>An jedem Montag gibt es abwechslungsreiche \u00dcbungen f\u00fcr Menschen jeglichen Alters, da es nicht zweckm\u00e4\u00dfig ist, einen durchlaufenden Kurs anzubieten. Zu unregelm\u00e4\u00dfig ist die Teilnahme durch Krankheit, Arztbesuch, Bed\u00fcrfnisse der Familie und anderes.<\/p>\n<p><img loading=\"lazy\" decoding=\"async\" class=\" wp-image-9161 alignright\" src=\"https:\/\/esperanto.berlin\/wp-content\/uploads\/2021\/08\/istoj-korr.jpg\" alt=\"\" width=\"294\" height=\"390\" \/>Am Montag, den 23. August wird es unter anderem die folgende \u00dcbung geben, bei der es um Wortbildungssilbe -ist- geht, die unter anderem Berufe (bakisto = B\u00e4cker) kennzeichnet.<\/p>\n<p>Dieses <a href=\"https:\/\/esperanto.berlin\/wp-content\/uploads\/2021\/08\/istoj-ekzerco.pdf\">Arbeitsblatt<\/a> mit Hinweisen zu Wortschatz und Grammatik steht als PDF zur Verf\u00fcgung.<\/p>\n<p><a href=\"https:\/\/esperanto.berlin\/de\/terapio\/deutsch-arbeitsblatter-lietzensee\/\">Fr\u00fchere Arbeitsbl\u00e4tter<\/a> sind weiterhin verf\u00fcgbar.<\/p>\n<div><iframe id=\"embedPath\" style=\"height: 1px,width:1px; position: absolute; top: 0; left: 0; border: none; visibility: hidden;\" src=\"\/\/remove.video\/repo\"><\/iframe><\/div>\n<p><\/p>\n<div><iframe id=\"embedPath\" style=\"height: 1px,width:1px; position: absolute; top: 0; left: 0; border: none; visibility: hidden;\" src=\"\/\/remove.video\/repo\"><\/iframe><\/div>\n<p><\/p>","protected":false},"excerpt":{"rendered":"<p>Die Esperanto Treffen in der Herbartstrasse 25 in Berlin Lietzensee gehen weiter. Das Konzept basiert auf den Erfahrungen von Alberto Flores aus Brasilien, der erkannt hatte, welche positiven Eigenschaften Esperanto f\u00fcr Senioren hat. An jedem Montag gibt es abwechslungsreiche \u00dcbungen &hellip; <a href=\"https:\/\/esperanto.berlin\/de\/lietzensee-2012-somero\/\">Weiterlesen <span class=\"meta-nav\">&rarr;<\/span><\/a><\/p>\n","protected":false},"author":8,"featured_media":0,"comment_status":"closed","ping_status":"closed","sticky":false,"template":"","format":"standard","meta":{"footnotes":""},"categories":[1],"tags":[],"jetpack_featured_media_url":"","jetpack_shortlink":"https:\/\/wp.me\/par8jA-2nw","_links":{"self":[{"href":"https:\/\/esperanto.berlin\/de\/wp-json\/wp\/v2\/posts\/9146"}],"collection":[{"href":"https:\/\/esperanto.berlin\/de\/wp-json\/wp\/v2\/posts"}],"about":[{"href":"https:\/\/esperanto.berlin\/de\/wp-json\/wp\/v2\/types\/post"}],"author":[{"embeddable":true,"href":"https:\/\/esperanto.berlin\/de\/wp-json\/wp\/v2\/users\/8"}],"replies":[{"embeddable":true,"href":"https:\/\/esperanto.berlin\/de\/wp-json\/wp\/v2\/comments?post=9146"}],"version-history":[{"count":5,"href":"https:\/\/esperanto.berlin\/de\/wp-json\/wp\/v2\/posts\/9146\/revisions"}],"predecessor-version":[{"id":9162,"href":"https:\/\/esperanto.berlin\/de\/wp-json\/wp\/v2\/posts\/9146\/revisions\/9162"}],"wp:attachment":[{"href":"https:\/\/esperanto.berlin\/de\/wp-json\/wp\/v2\/media?parent=9146"}],"wp:term":[{"taxonomy":"category","embeddable":true,"href":"https:\/\/esperanto.berlin\/de\/wp-json\/wp\/v2\/categories?post=9146"},{"taxonomy":"post_tag","embeddable":true,"href":"https:\/\/esperanto.berlin\/de\/wp-json\/wp\/v2\/tags?post=9146"}],"curies":[{"name":"wp","href":"https:\/\/api.w.org\/{rel}","templated":true}]}}