{"id":9224,"date":"2021-12-19T13:48:46","date_gmt":"2021-12-19T12:48:46","guid":{"rendered":"https:\/\/esperanto.berlin\/?p=9224"},"modified":"2021-12-19T16:03:18","modified_gmt":"2021-12-19T15:03:18","slug":"esperantoplaco-miraklo-horo-al-la-30-a","status":"publish","type":"post","link":"https:\/\/esperanto.berlin\/de\/esperantoplaco-miraklo-horo-al-la-30-a\/","title":{"rendered":"Esperantoplatz \u2013 Eine Wunderstunde zum 30.!"},"content":{"rendered":"<p>Als sich am 14. Dezember gegen 16.45 Uhr auf dem Esperantoplatz nach und nach Leute einfanden, die neugierig auf die angek\u00fcndigte \u201eWunderstunde\u201c waren, hatten engagierte Mitglieder des Kulturlabors Trial &amp; Error schon f\u00fcr stimmungsvolle Beleuchtung auf dem Platz gesorgt und boten Getr\u00e4nke und Knabbereien an.\u00a0 Die AG Urban sorgte noch daf\u00fcr, dass in dem Schaukasten der Klimastelen das Plakat erneuert wurde, das \u00fcber den Platz, seine Geschichte und \u00fcber Zamenhof und die Sprache Esperanto informiert.<\/p>\n<div id=\"attachment_9225\" style=\"width: 4618px\" class=\"wp-caption alignnone\"><img loading=\"lazy\" decoding=\"async\" aria-describedby=\"caption-attachment-9225\" class=\"wp-image-9225 size-full\" src=\"https:\/\/esperanto.berlin\/wp-content\/uploads\/2021\/12\/Esperantoplatz-jub-1-FW-k.jpg\" alt=\"\" width=\"4608\" height=\"3456\" \/><p id=\"caption-attachment-9225\" class=\"wp-caption-text\">Foto: Fritz Wollenberg<\/p><\/div>\n<p>Dann k\u00fcndigte Jenny von Trial &amp; Error die Capoeira-Gruppe <em>BerimbArte<\/em> an. Ihre mitrei\u00dfenden Kampfkunstt\u00e4nze, begleitet von den Kl\u00e4ngen des Berimbau (Musikbogen), der Atabaque (Handtrommel) und des Pandeiro (Tamburin) begeisterten die Anwesenden.<\/p>\n<div id=\"attachment_9226\" style=\"width: 5482px\" class=\"wp-caption alignnone\"><img loading=\"lazy\" decoding=\"async\" aria-describedby=\"caption-attachment-9226\" class=\"wp-image-9226 size-full\" src=\"https:\/\/esperanto.berlin\/wp-content\/uploads\/2021\/12\/Esperantoplatz-jub-3-Jung-k.jpg\" alt=\"\" width=\"5472\" height=\"3648\" \/><p id=\"caption-attachment-9226\" class=\"wp-caption-text\">Foto: Archiv Jung<\/p><\/div>\n<div id=\"attachment_9227\" style=\"width: 3670px\" class=\"wp-caption alignnone\"><img loading=\"lazy\" decoding=\"async\" aria-describedby=\"caption-attachment-9227\" class=\"wp-image-9227 size-full\" src=\"https:\/\/esperanto.berlin\/wp-content\/uploads\/2021\/12\/Esperantoplatz-jub-0.jpg\" alt=\"\" width=\"3660\" height=\"2226\" \/><p id=\"caption-attachment-9227\" class=\"wp-caption-text\">Foto: Fritz Wollenberg<\/p><\/div>\n<p>F\u00fcr die Esperanto-Liga Berlin-Brandenburg dankte Fritz Wollenberg den Veranstaltern AG Urban und Trial &amp; Error, brachte seine Hochachtung vor der Leistung der K\u00fcnstlerinnen und K\u00fcnstler zum Ausdruck und sprach \u00fcber die Entstehung und Geschichte des Platzes, der durch Verkehrsberuhigung der Stra\u00dfenkreuzung entstanden war und auf Vorschlag der Anwohnerin und Esperanto-Sprecherin Eva Hoffmann (1920\u20132008) am 14. Dezember 1991 den Namen <em>Esperantoplatz<\/em> erhielt. Prof. Bodo Manegold, der damalige Neuk\u00f6llner Baustadtrat enth\u00fcllte gemeinsam mit Eva Hoffmann das Stra\u00dfenschild. Im April 1992 wurde die Zamenhofeiche gepflanzt vor der 1999, Prof. Manegold, inzwischen Neuk\u00f6llner Bezirksb\u00fcrgermeister (1995\u20132001), bei einer Feier zum 50-j\u00e4hrigen Bestehen der Esperanto-Liga Berlin eine kleine Gedenktafel enth\u00fcllte. 2007 wurde durch ein Drei-Pl\u00e4tze-Fest die Neugestaltung des Esperantoplatzes, des B\u00f6hmischen Platzes\u00a0 und des sp\u00e4teren Freundschaftsplatzes gefeiert. Der diagonale Weg war angelegt worden und an der Kreuzung entstand das Sternmosaik. 2012 forderte im Rahmen des Kulturfestivals <em>48 Stunden Neuk\u00f6lln<\/em> die M\u00fcnchner TrashArt-K\u00fcnstlerin ADLER A.F. mit einer Performance die Aufwertung des Platzes als \u201eSymbol f\u00fcr Verst\u00e4ndigung\u201c. Ab 2013 veranstalteten allj\u00e4hrlich Vereine, Institutionen und Anwohner des Kiezes mit der Esperanto-Liga Sommerfeste und k\u00fcmmerten sich um den Platz. Als letzte gro\u00dfe Aktion wurden 2019 die Klimastelen der AG Urban eingeweiht.<\/p>\n<div id=\"attachment_9228\" style=\"width: 1494px\" class=\"wp-caption alignnone\"><img loading=\"lazy\" decoding=\"async\" aria-describedby=\"caption-attachment-9228\" class=\"wp-image-9228 size-full\" src=\"https:\/\/esperanto.berlin\/wp-content\/uploads\/2021\/12\/Esperantoplatz9204-k.jpg\" alt=\"\" width=\"1484\" height=\"1020\" \/><p id=\"caption-attachment-9228\" class=\"wp-caption-text\">Eva Hoffmann und Prof. Bodo Manegold im April 1992 auf dem Esperantoplatz. Foto: Fritz Wollenberg<\/p><\/div>\n<p>Bezirksb\u00fcrgermeister Martin Hikel hob in seiner Gru\u00dfansprache zum Jubil\u00e4um hervor, wie wichtig die Verst\u00e4ndigung zwischen den Menschen und das Engagement daf\u00fcr gerade in Neuk\u00f6lln ist und wie f\u00f6rderlich es daher ist, dass es hier einen Platz gibt, der den Namen der Sprache Esperanto tr\u00e4gt. B\u00fcrgermeister Hikel \u00fcberraschte die Zuh\u00f6renden damit, dass er sie in Esperanto begr\u00fc\u00dfte und verabschiedete.<\/p>\n<div id=\"attachment_9229\" style=\"width: 2468px\" class=\"wp-caption alignnone\"><img loading=\"lazy\" decoding=\"async\" aria-describedby=\"caption-attachment-9229\" class=\"wp-image-9229 size-full\" src=\"https:\/\/esperanto.berlin\/wp-content\/uploads\/2021\/12\/Esperantoplatz-jub-2-Jung-k.jpg\" alt=\"\" width=\"2458\" height=\"3141\" \/><p id=\"caption-attachment-9229\" class=\"wp-caption-text\">Alt-Bezirksb\u00fcrgermeister Prof. Bodo Manegold und Bezirksb\u00fcrgermeister Martin Hikel. Foto: Archiv Jung<\/p><\/div>\n<p>Eine besondere \u00dcberraschung war, dass Prof. Manegold Zeit gefunden hatte teilzunehmen. Er w\u00fcrdigte Eva Hoffmann als die \u201eMutter des Esperantoplatzes\u201c und erinnerte daran, dass sie mit ihren Vorschl\u00e4gen damals Weitblick offenbarte. Er meinte, dass sich heute mancher bei ihr entschuldigen m\u00fcsste, denn einiges von dem, wof\u00fcr sie damals bel\u00e4chelt wurde, sei inzwischen verwirklicht, beispielsweise ein nachhaltiger Umgang mit Wasser im Britzer Garten.<\/p>\n<p>Unter den Anwesenden waren auch die Gemeindereferentin Frau Patermann f\u00fcr die St-Richard-Gemeinde und Frau Kioschis, Schulleiterin der L\u00f6wenzahn-Grundschule.<\/p>\n<p>Bestaunt wurde dann die atemberaubende Feuerartistik der Gruppe <em>Dracarys H\u00fcter<\/em>, die nochmal ganz neue Lichteffekte auf den Esperantoplatz zauberte.<\/p>\n<p>&nbsp;<\/p>\n<div id=\"attachment_9230\" style=\"width: 4099px\" class=\"wp-caption alignnone\"><img loading=\"lazy\" decoding=\"async\" aria-describedby=\"caption-attachment-9230\" class=\"wp-image-9230 size-full\" src=\"https:\/\/esperanto.berlin\/wp-content\/uploads\/2021\/12\/Esperantoplatz-jub-1-Jung-k.jpg\" alt=\"\" width=\"4089\" height=\"3001\" \/><p id=\"caption-attachment-9230\" class=\"wp-caption-text\">Foto: Archiv Jung<\/p><\/div>\n<div id=\"attachment_9231\" style=\"width: 4618px\" class=\"wp-caption alignnone\"><img loading=\"lazy\" decoding=\"async\" aria-describedby=\"caption-attachment-9231\" class=\"wp-image-9231 size-full\" src=\"https:\/\/esperanto.berlin\/wp-content\/uploads\/2021\/12\/Esperantoplatz-jub-2-FW-k.jpg\" alt=\"\" width=\"4608\" height=\"3456\" \/><p id=\"caption-attachment-9231\" class=\"wp-caption-text\">Foto: Fritz Wollenberg<\/p><\/div>\n<p>&nbsp;<\/p>\n<p>Es wurde nicht zu viel versprochen. Eine <em>Wunderstunde<\/em> zum 30.!<\/p>","protected":false},"excerpt":{"rendered":"<p>Als sich am 14. Dezember gegen 16.45 Uhr auf dem Esperantoplatz nach und nach Leute einfanden, die neugierig auf die angek\u00fcndigte \u201eWunderstunde\u201c waren, hatten engagierte Mitglieder des Kulturlabors Trial &amp; Error schon f\u00fcr stimmungsvolle Beleuchtung auf dem Platz gesorgt und &hellip; <a href=\"https:\/\/esperanto.berlin\/de\/esperantoplaco-miraklo-horo-al-la-30-a\/\">Weiterlesen <span class=\"meta-nav\">&rarr;<\/span><\/a><\/p>\n","protected":false},"author":3,"featured_media":0,"comment_status":"closed","ping_status":"closed","sticky":false,"template":"","format":"standard","meta":{"footnotes":""},"categories":[12,11,1],"tags":[318,488],"jetpack_featured_media_url":"","jetpack_shortlink":"https:\/\/wp.me\/par8jA-2oM","_links":{"self":[{"href":"https:\/\/esperanto.berlin\/de\/wp-json\/wp\/v2\/posts\/9224"}],"collection":[{"href":"https:\/\/esperanto.berlin\/de\/wp-json\/wp\/v2\/posts"}],"about":[{"href":"https:\/\/esperanto.berlin\/de\/wp-json\/wp\/v2\/types\/post"}],"author":[{"embeddable":true,"href":"https:\/\/esperanto.berlin\/de\/wp-json\/wp\/v2\/users\/3"}],"replies":[{"embeddable":true,"href":"https:\/\/esperanto.berlin\/de\/wp-json\/wp\/v2\/comments?post=9224"}],"version-history":[{"count":6,"href":"https:\/\/esperanto.berlin\/de\/wp-json\/wp\/v2\/posts\/9224\/revisions"}],"predecessor-version":[{"id":9237,"href":"https:\/\/esperanto.berlin\/de\/wp-json\/wp\/v2\/posts\/9224\/revisions\/9237"}],"wp:attachment":[{"href":"https:\/\/esperanto.berlin\/de\/wp-json\/wp\/v2\/media?parent=9224"}],"wp:term":[{"taxonomy":"category","embeddable":true,"href":"https:\/\/esperanto.berlin\/de\/wp-json\/wp\/v2\/categories?post=9224"},{"taxonomy":"post_tag","embeddable":true,"href":"https:\/\/esperanto.berlin\/de\/wp-json\/wp\/v2\/tags?post=9224"}],"curies":[{"name":"wp","href":"https:\/\/api.w.org\/{rel}","templated":true}]}}