{"id":9378,"date":"2022-08-12T18:52:27","date_gmt":"2022-08-12T17:52:27","guid":{"rendered":"https:\/\/esperanto.berlin\/?p=9378"},"modified":"2024-05-22T20:18:14","modified_gmt":"2024-05-22T19:18:14","slug":"insulo-ek","status":"publish","type":"post","link":"https:\/\/esperanto.berlin\/de\/insulo-ek\/","title":{"rendered":"Reif f\u00fcr die Insel"},"content":{"rendered":"<p><span style=\"color: #00b050;\"><span style=\"font-family: Arial, serif;\"><span style=\"font-size: medium;\"><i><b>Wo \/ kie?<\/b><\/i><\/span><\/span><\/span><span style=\"color: #00b050;\"><span style=\"font-family: Arial, serif;\"><span style=\"font-size: medium;\"><b> Haus am Mierendorffplatz (HaM), Mierendorffplatz 19, 10589 Berlin (Mierendorff-Insel) <\/b><\/span><\/span><\/span><\/p>\n<p><span style=\"color: #00b050;\"><span style=\"font-family: Arial, serif;\"><span style=\"font-size: medium;\"><i><b>Wann \/ kiam?<\/b><\/i><\/span><\/span><\/span><span style=\"color: #00b050;\"><span style=\"font-family: Arial, serif;\"><span style=\"font-size: medium;\"><b> Freitag, den 7. Juni 2024, 14:00 bis 15:30 Uhr<\/b><\/span><\/span><\/span><\/p>\n<p align=\"right\"><span style=\"color: #00b050;\"><span style=\"font-family: Arial, serif;\"><span style=\"font-size: medium;\"><b>Vendredo, la 7an de junio 2024, 14:00 \u011dis 15:30 horo<\/b><\/span><\/span><\/span><\/p>\n<p><span style=\"color: #00b050;\"><span style=\"font-family: Arial, serif;\"><span style=\"font-size: medium;\"><i><b>Was \/ kio?<\/b><\/i><\/span><\/span><\/span><span style=\"color: #00b050;\"><span style=\"font-family: Arial, serif;\"><span style=\"font-size: medium;\"><b> Barbara Brandenburg stellt ihr Kochbuch \u201eKuirado kun koro\u201c (= \u201eKochen mit Herz\u201c) vor. Sie gibt einen Einblick in die Entstehungsgeschichte und weitere Informationen zu einigen der abgedruckten Rezepte. <\/b><\/span><\/span><\/span><\/p>\n<p><span style=\"color: #00b050;\"><span style=\"font-family: Arial, serif;\"><span style=\"font-size: medium;\"><i><b> Die Veranstaltung findet in deutscher Sprache statt.<\/b><\/i><\/span><\/span><\/span><\/p>\n<p><span style=\"color: #00b050;\"><span style=\"font-family: Arial, serif;\"><span style=\"font-size: medium;\"><i><b> Eintritt frei, vorherige Anmeldung nicht n\u00f6tig.<\/b><\/i><\/span><\/span><\/span><\/p>\n<p><span style=\"color: #00b050;\"><span style=\"font-family: Arial, serif;\"><span style=\"font-size: medium;\"><b> La a\u016dtorino prezentos sian nove aperintan kuirlibron \u201eKuirado kun koro\u201c. \u015ci parolos iomete pri la historio de la libro kaj donas pliajn informojn pri kelkaj el la receptoj.<\/b><\/span><\/span><\/span><\/p>\n<p><span style=\"color: #00b050;\"><span style=\"font-family: Arial, serif;\"><span style=\"font-size: medium;\"><i><b> La presentado okazos en la Germana. <\/b><\/i><\/span><\/span><\/span><\/p>\n<p><span style=\"color: #00b050;\"><span style=\"font-family: Arial, serif;\"><span style=\"font-size: medium;\"><i><b> Partoprenado estas senkosta, ne necesas anta\u016de ali\u011di.<\/b><\/i><\/span><\/span><\/span><\/p>\n<p>Barbara Brandenburg ist Bibliothekarin und K\u00f6chin aus Leidenschaft. Essen, insbesondere mit der Familie, sind f\u00fcr sie mit bestimmten Erinnerungen verkn\u00fcpft. Mit diesem Kochbuch legt sie bereits das dritte vor, dessen Einnahmen einem &#8220;guten Zweck&#8221; dienen sollen: mit dem Erl\u00f6s des Buches wird die Kulturarbeit des Jahresendtreffens Luminesk&#8217; vom Deutschen Esperanto-Bund unterst\u00fctzt.<\/p>\n<p>Barbara Brandenburg estas bibliotekistino kaj \u015dategas kuiri. Man\u011doj, speciale kun la familio, por \u015di \u0109iam enhavas anka\u016d specialajn memorojn. Per tiu \u0109i kuirlibro \u015di jam eldonas la trian \u201epor bona celo\u201c. Kun la enspezoj de la libro estas subtenata la kultura laboro de Luminesk\u2018, la jarfina aran\u011do de la Germana Esperanto Asocio.<\/p>\n<p><img loading=\"lazy\" decoding=\"async\" class=\"alignnone size-medium\" src=\"https:\/\/images.lovelybooks.de\/img\/520x\/cover.allsize.lovelybooks.de\/9783759720917_1715475860000_xxl.jpg\" width=\"520\" height=\"520\" \/><\/p>\n<p>&nbsp;<\/p>\n<p><span style=\"font-family: Arial, serif;\"><span style=\"font-size: small;\"><b>Kuirado kun koro<\/b><\/span><\/span><span style=\"font-family: Arial, serif;\"><span style=\"font-size: small;\">: <\/span><\/span><span style=\"font-family: Arial, serif;\"><span style=\"font-size: small;\">familiaj receptoj kaj memoroj \/ <a href=\"https:\/\/buchshop.bod.de\/catalogsearch\/result\/index\/?q=Barbara+Brandenburg&amp;bod_pers_id=439781\">Barbara Brandenburg<\/a> <\/span><\/span><\/p>\n<p><span style=\"font-family: Arial, serif;\"><span style=\"font-size: small;\">Po\u015dlibro. &#8211; 94 pa\u011doj. &#8211; ISBN-13: 9783759720917<\/span><\/span><\/p>\n<p><span style=\"font-family: Arial, serif;\"><span style=\"font-size: small;\">Eldonejo: BoD &#8211; Books on Demand, 29.04.2024<\/span><\/span><\/p>\n<p><span style=\"font-family: Arial, serif;\"><span style=\"font-size: small;\">Lingvo: Esperanto; kolorigita<\/span><\/span><\/p>\n<p>Das <a href=\"https:\/\/mierendorffinsel.org\/projekte\/aktuelle-projekte\/haus-am-mierendorffplatz\/\"><img class=\" wp-image-9382 alignright\" \/>Haus am Mierendorffplatz<\/a> liegt in dem Teil von Charlottenburg, der von der Spee, vom Westhafenkanal und vom Charlottenburger Verbindungskanal umschlungen wird und nur \u00fcber 7 Br\u00fccken zug\u00e4nglich ist. Deshalb wird er &#8220;Insel&#8221; genannt. Mitten drin liegt der Mierendorffplatz, der auch eine Station an der U-Bahn von Spandau nach Rudow (<a href=\"https:\/\/de.wikipedia.org\/wiki\/U-Bahn-Linie_U7_(Berlin)\">U7<\/a>) und vom Bus <a href=\"https:\/\/de.wikipedia.org\/wiki\/U-Bahn-Linie_U7_(Berlin)\">M27<\/a> nach Pankow ist. Damit ist der neue Treffpunkt aus allen Teilen der Stadt leicht erreichbar. Die U-Bahn (Ausgang Richtung S\u00fcden) liegt praktisch direkt vor der T\u00fcr.<\/p>\n<p style=\"text-align: center;\"><strong>Freitags 14 &#8211; 15:30 Esperanto<\/strong><\/p>\n<p>Jede Woche ist dort der Treffpunkt f\u00fcr alle die Esperanto schon sprechen und sich \u00fcber Ereignisse in der internationalen Esperanto-Welt austauschen wollen. Auch G\u00e4ste, die als Touristen nach Berlin kommen, hier studieren oder arbeiten, sind willkommen.<\/p>\n<p>Am ersten Freitag des Monats findet eine Informationsveranstaltung auf Deutsch statt. Mit einem bestimmten Aspekt aus der Esperanto-Welt als Aufh\u00e4nger wird allgemein \u00fcber den Aufbau der Sprache Esperanto, den Wortschatz und die Anwendungsm\u00f6glichkeiten informiert.<\/p>\n<p>Am 2. September geht es um das Verh\u00e4ltnis von Esperanto zum Pazifismus und zur Friedensbewegung.<\/p>\n<p><a href=\"https:\/\/mierendorffinsel.org\/projekte\/aktuelle-projekte\/haus-am-mierendorffplatz\/\">Website<\/a><\/p>\n<p><img loading=\"lazy\" decoding=\"async\" class=\" wp-image-9386 alignright\" src=\"https:\/\/esperanto.berlin\/wp-content\/uploads\/2022\/08\/insel-karte.jpg\" alt=\"\" width=\"342\" height=\"329\" \/>Mierendorffplatz 19 \/ Ecke Lise-Meitner-Stra\u00dfe<br \/>\n10589 Berlin<br \/>\nTel: 030 \u2013 81 80 53 63<\/p>","protected":false},"excerpt":{"rendered":"<p>Wo \/ kie? Haus am Mierendorffplatz (HaM), Mierendorffplatz 19, 10589 Berlin (Mierendorff-Insel) Wann \/ kiam? Freitag, den 7. Juni 2024, 14:00 bis 15:30 Uhr Vendredo, la 7an de junio 2024, 14:00 \u011dis 15:30 horo Was \/ kio? Barbara Brandenburg stellt &hellip; <a href=\"https:\/\/esperanto.berlin\/de\/insulo-ek\/\">Weiterlesen <span class=\"meta-nav\">&rarr;<\/span><\/a><\/p>\n","protected":false},"author":8,"featured_media":0,"comment_status":"closed","ping_status":"closed","sticky":false,"template":"","format":"standard","meta":{"footnotes":""},"categories":[505,19,4,40],"tags":[506,507],"jetpack_featured_media_url":"","jetpack_shortlink":"https:\/\/wp.me\/par8jA-2rg","_links":{"self":[{"href":"https:\/\/esperanto.berlin\/de\/wp-json\/wp\/v2\/posts\/9378"}],"collection":[{"href":"https:\/\/esperanto.berlin\/de\/wp-json\/wp\/v2\/posts"}],"about":[{"href":"https:\/\/esperanto.berlin\/de\/wp-json\/wp\/v2\/types\/post"}],"author":[{"embeddable":true,"href":"https:\/\/esperanto.berlin\/de\/wp-json\/wp\/v2\/users\/8"}],"replies":[{"embeddable":true,"href":"https:\/\/esperanto.berlin\/de\/wp-json\/wp\/v2\/comments?post=9378"}],"version-history":[{"count":12,"href":"https:\/\/esperanto.berlin\/de\/wp-json\/wp\/v2\/posts\/9378\/revisions"}],"predecessor-version":[{"id":10114,"href":"https:\/\/esperanto.berlin\/de\/wp-json\/wp\/v2\/posts\/9378\/revisions\/10114"}],"wp:attachment":[{"href":"https:\/\/esperanto.berlin\/de\/wp-json\/wp\/v2\/media?parent=9378"}],"wp:term":[{"taxonomy":"category","embeddable":true,"href":"https:\/\/esperanto.berlin\/de\/wp-json\/wp\/v2\/categories?post=9378"},{"taxonomy":"post_tag","embeddable":true,"href":"https:\/\/esperanto.berlin\/de\/wp-json\/wp\/v2\/tags?post=9378"}],"curies":[{"name":"wp","href":"https:\/\/api.w.org\/{rel}","templated":true}]}}