{"id":9482,"date":"2022-09-11T16:45:07","date_gmt":"2022-09-11T15:45:07","guid":{"rendered":"https:\/\/esperanto.berlin\/?p=9482"},"modified":"2022-09-11T16:45:07","modified_gmt":"2022-09-11T15:45:07","slug":"lunde-ce-viktoriaparko-oktobro-2022-demenco-kaj-kohereco","status":"publish","type":"post","link":"https:\/\/esperanto.berlin\/de\/lunde-ce-viktoriaparko-oktobro-2022-demenco-kaj-kohereco\/","title":{"rendered":"Montags am Viktoriapark \u2013 Oktober 2022 \u2013 Demenz und Koh\u00e4renz"},"content":{"rendered":"<p><img loading=\"lazy\" decoding=\"async\" class=\"alignnone wp-image-7417\" src=\"https:\/\/esperanto.berlin\/wp-content\/uploads\/2019\/09\/Esperanto-Laden-Katzbachstr-25-k.jpg\" alt=\"\" width=\"209\" height=\"302\" \/><img loading=\"lazy\" decoding=\"async\" class=\"alignnone wp-image-7416\" src=\"https:\/\/esperanto.berlin\/wp-content\/uploads\/2019\/09\/Viktoriapark-2017-k.jpg\" alt=\"\" width=\"384\" height=\"301\" \/><\/p>\n<p>Esperanto-Kulturabend im <a href=\"https:\/\/www.esperanto.de\/de\/enhavo\/der-esperanto-laden-berlin\">Esperanto-Laden<\/a>, Katzbachstra\u00dfe 25 (Kreuzberg), Beitr\u00e4ge und Gespr\u00e4ch in Esperanto \u2013 F\u00fcr G\u00e4ste wird res\u00fcmiert bzw. \u00fcbersetzt.<\/p>\n<p>Verkehrsverbindungen: U6, Buslinie 248 \u2013 Platz der Luftbr\u00fccke, Buslinien M43 und 140 \u2013 Dudenstra\u00dfe\/Katzbachstra\u00dfe<\/p>\n<h2 id=\"-dezember-2019-1930-uhr\"><strong>10. <\/strong><strong>Oktober 2022, <\/strong><strong>19.30 Uhr<\/strong><\/h2>\n<p><strong>\u201eDemenz und Koh\u00e4renz \u2013 Vortrag von Dr. Encarna Teruel\u201c<\/strong><\/p>\n<p>Dr. Encarna Teruel gibt einen \u00dcberblick \u00fcber die Anatomie und Gehinerkrankung der Demenz, insbesondere der Alzheimer-Krankheit. Sie beantwortet die Fragen: Was beg\u00fcnstigt oder verz\u00f6gert das Auftreten von Demenz? Was sind \u201ekognitive Reserve\u201c und \u201eneurale Anpassung\u201c? Gibt es tats\u00e4chlich wirksame Medikamente? Kann man individuell zur kognitiven und emotionalen Gesundheit beitragen? Gibt es Vorteile f\u00fcr Esperantisten???<\/p>\n<p>Zum Treffen: <a href=\"https:\/\/esperanto.berlin\/de\/viktoriapark\/\">Montags am Viktoriapark<\/a><\/p>","protected":false},"excerpt":{"rendered":"<p>Esperanto-Kulturabend im Esperanto-Laden, Katzbachstra\u00dfe 25 (Kreuzberg), Beitr\u00e4ge und Gespr\u00e4ch in Esperanto \u2013 F\u00fcr G\u00e4ste wird res\u00fcmiert bzw. \u00fcbersetzt. Verkehrsverbindungen: U6, Buslinie 248 \u2013 Platz der Luftbr\u00fccke, Buslinien M43 und 140 \u2013 Dudenstra\u00dfe\/Katzbachstra\u00dfe 10. Oktober 2022, 19.30 Uhr \u201eDemenz und Koh\u00e4renz &hellip; <a href=\"https:\/\/esperanto.berlin\/de\/lunde-ce-viktoriaparko-oktobro-2022-demenco-kaj-kohereco\/\">Weiterlesen <span class=\"meta-nav\">&rarr;<\/span><\/a><\/p>\n","protected":false},"author":3,"featured_media":0,"comment_status":"closed","ping_status":"closed","sticky":false,"template":"","format":"standard","meta":{"footnotes":""},"categories":[42,411],"tags":[511,512],"jetpack_featured_media_url":"","jetpack_shortlink":"https:\/\/wp.me\/par8jA-2sW","_links":{"self":[{"href":"https:\/\/esperanto.berlin\/de\/wp-json\/wp\/v2\/posts\/9482"}],"collection":[{"href":"https:\/\/esperanto.berlin\/de\/wp-json\/wp\/v2\/posts"}],"about":[{"href":"https:\/\/esperanto.berlin\/de\/wp-json\/wp\/v2\/types\/post"}],"author":[{"embeddable":true,"href":"https:\/\/esperanto.berlin\/de\/wp-json\/wp\/v2\/users\/3"}],"replies":[{"embeddable":true,"href":"https:\/\/esperanto.berlin\/de\/wp-json\/wp\/v2\/comments?post=9482"}],"version-history":[{"count":1,"href":"https:\/\/esperanto.berlin\/de\/wp-json\/wp\/v2\/posts\/9482\/revisions"}],"predecessor-version":[{"id":9483,"href":"https:\/\/esperanto.berlin\/de\/wp-json\/wp\/v2\/posts\/9482\/revisions\/9483"}],"wp:attachment":[{"href":"https:\/\/esperanto.berlin\/de\/wp-json\/wp\/v2\/media?parent=9482"}],"wp:term":[{"taxonomy":"category","embeddable":true,"href":"https:\/\/esperanto.berlin\/de\/wp-json\/wp\/v2\/categories?post=9482"},{"taxonomy":"post_tag","embeddable":true,"href":"https:\/\/esperanto.berlin\/de\/wp-json\/wp\/v2\/tags?post=9482"}],"curies":[{"name":"wp","href":"https:\/\/api.w.org\/{rel}","templated":true}]}}