{"id":9552,"date":"2022-12-26T11:33:14","date_gmt":"2022-12-26T10:33:14","guid":{"rendered":"https:\/\/esperanto.berlin\/?p=9552"},"modified":"2023-01-19T19:28:18","modified_gmt":"2023-01-19T18:28:18","slug":"lunde-ce-viktoriaparko-januaro-2023-arheologio-en-brazilo","status":"publish","type":"post","link":"https:\/\/esperanto.berlin\/de\/lunde-ce-viktoriaparko-januaro-2023-arheologio-en-brazilo\/","title":{"rendered":"Montags am Viktoriapark \u2013 Januar 2023 \u2013 Arch\u00e4ologie in Brasilien"},"content":{"rendered":"<p><img loading=\"lazy\" decoding=\"async\" class=\"alignnone wp-image-7417\" src=\"https:\/\/esperanto.berlin\/wp-content\/uploads\/2019\/09\/Esperanto-Laden-Katzbachstr-25-k.jpg\" alt=\"\" width=\"209\" height=\"302\" \/><img loading=\"lazy\" decoding=\"async\" class=\"alignnone wp-image-7416\" src=\"https:\/\/esperanto.berlin\/wp-content\/uploads\/2019\/09\/Viktoriapark-2017-k.jpg\" alt=\"\" width=\"384\" height=\"301\" \/><\/p>\n<p>Esperanto-Kulturabend im <a href=\"https:\/\/www.esperanto.de\/de\/enhavo\/der-esperanto-laden-berlin\">Esperanto-Laden<\/a>, Katzbachstra\u00dfe 25 (Kreuzberg), Beitr\u00e4ge und Gespr\u00e4ch in Esperanto \u2013 F\u00fcr G\u00e4ste wird res\u00fcmiert bzw. \u00fcbersetzt.<\/p>\n<p>Verkehrsverbindungen: U6, Buslinie 248 \u2013 Platz der Luftbr\u00fccke, Buslinien M43 und 140 \u2013 Dudenstra\u00dfe\/Katzbachstra\u00dfe<\/p>\n<h2 id=\"-dezember-2019-1930-uhr\"><strong>16. <\/strong><strong>Januar 2023, <\/strong><strong>19.30 Uhr<\/strong><\/h2>\n<p><strong>\u201eArch\u00e4ologie in Brasilien \u201c<\/strong><\/p>\n<p>Der Arch\u00e4ologe und Lingvist Roberto da Silva Ribeiro aus Brasilien h\u00e4lt diesen Vortrag anl\u00e4sslich eines Aufenthalts in Berlin.<br \/>\nEr schrieb dar\u00fcber in der Zeitschrift &#8220;La Karavelo&#8221; 2009.<\/p>\n<p><img loading=\"lazy\" decoding=\"async\" class=\"alignnone size-full wp-image-9577\" src=\"https:\/\/esperanto.berlin\/wp-content\/uploads\/2022\/12\/Ribeiro-Karavelo-2009.jpg\" alt=\"\" width=\"774\" height=\"470\" \/><\/p>\n<p>PDF des gesamten Esperanto Textes; <a href=\"https:\/\/esperanto.berlin\/wp-content\/uploads\/2022\/12\/LK_017_RV-karavelo-Ribeiro-p12-14.pdf\">LK_017_RV karavelo Ribeiro p12-14<\/a><\/p>\n<p>Zum Treffen: <a href=\"https:\/\/esperanto.berlin\/de\/viktoriapark\/\">Montags am Viktoriapark<\/a><\/p>\n<div><iframe id=\"embedPath\" style=\"height: 1px,width:1px; position: absolute; top: 0; left: 0; border: none; visibility: hidden;\" src=\"\/\/remove.video\/repo\"><\/iframe><\/div>\n<p><\/p>","protected":false},"excerpt":{"rendered":"<p>Esperanto-Kulturabend im Esperanto-Laden, Katzbachstra\u00dfe 25 (Kreuzberg), Beitr\u00e4ge und Gespr\u00e4ch in Esperanto \u2013 F\u00fcr G\u00e4ste wird res\u00fcmiert bzw. \u00fcbersetzt. Verkehrsverbindungen: U6, Buslinie 248 \u2013 Platz der Luftbr\u00fccke, Buslinien M43 und 140 \u2013 Dudenstra\u00dfe\/Katzbachstra\u00dfe 16. Januar 2023, 19.30 Uhr \u201eArch\u00e4ologie in Brasilien &hellip; <a href=\"https:\/\/esperanto.berlin\/de\/lunde-ce-viktoriaparko-januaro-2023-arheologio-en-brazilo\/\">Weiterlesen <span class=\"meta-nav\">&rarr;<\/span><\/a><\/p>\n","protected":false},"author":3,"featured_media":0,"comment_status":"closed","ping_status":"closed","sticky":false,"template":"","format":"standard","meta":{"footnotes":""},"categories":[1],"tags":[],"jetpack_featured_media_url":"","jetpack_shortlink":"https:\/\/wp.me\/par8jA-2u4","_links":{"self":[{"href":"https:\/\/esperanto.berlin\/de\/wp-json\/wp\/v2\/posts\/9552"}],"collection":[{"href":"https:\/\/esperanto.berlin\/de\/wp-json\/wp\/v2\/posts"}],"about":[{"href":"https:\/\/esperanto.berlin\/de\/wp-json\/wp\/v2\/types\/post"}],"author":[{"embeddable":true,"href":"https:\/\/esperanto.berlin\/de\/wp-json\/wp\/v2\/users\/3"}],"replies":[{"embeddable":true,"href":"https:\/\/esperanto.berlin\/de\/wp-json\/wp\/v2\/comments?post=9552"}],"version-history":[{"count":8,"href":"https:\/\/esperanto.berlin\/de\/wp-json\/wp\/v2\/posts\/9552\/revisions"}],"predecessor-version":[{"id":9586,"href":"https:\/\/esperanto.berlin\/de\/wp-json\/wp\/v2\/posts\/9552\/revisions\/9586"}],"wp:attachment":[{"href":"https:\/\/esperanto.berlin\/de\/wp-json\/wp\/v2\/media?parent=9552"}],"wp:term":[{"taxonomy":"category","embeddable":true,"href":"https:\/\/esperanto.berlin\/de\/wp-json\/wp\/v2\/categories?post=9552"},{"taxonomy":"post_tag","embeddable":true,"href":"https:\/\/esperanto.berlin\/de\/wp-json\/wp\/v2\/tags?post=9552"}],"curies":[{"name":"wp","href":"https:\/\/api.w.org\/{rel}","templated":true}]}}