{"id":9607,"date":"2023-02-12T20:06:48","date_gmt":"2023-02-12T19:06:48","guid":{"rendered":"https:\/\/esperanto.berlin\/?p=9607"},"modified":"2023-02-12T21:54:03","modified_gmt":"2023-02-12T20:54:03","slug":"lunde-ce-viktoriaparko-marto-2023-germanaj-esperanto-kongresoj-mejlostonoj","status":"publish","type":"post","link":"https:\/\/esperanto.berlin\/de\/lunde-ce-viktoriaparko-marto-2023-germanaj-esperanto-kongresoj-mejlostonoj\/","title":{"rendered":"Montags am Viktoriapark \u2013 M\u00e4rz 2023 \u2013 Deutsche Esperanto-Kongresse &#8211; Meilensteine"},"content":{"rendered":"<p><img loading=\"lazy\" decoding=\"async\" class=\"alignnone wp-image-7416\" src=\"https:\/\/esperanto.berlin\/wp-content\/uploads\/2019\/09\/Viktoriapark-2017-k.jpg\" alt=\"\" width=\"384\" height=\"301\" \/><img loading=\"lazy\" decoding=\"async\" class=\"alignnone wp-image-7417\" src=\"https:\/\/esperanto.berlin\/wp-content\/uploads\/2019\/09\/Esperanto-Laden-Katzbachstr-25-k.jpg\" alt=\"\" width=\"209\" height=\"302\" \/><\/p>\n<p>Esperanto-Kulturabend im <a href=\"https:\/\/www.esperanto.de\/de\/enhavo\/der-esperanto-laden-berlin\">Esperanto-Laden<\/a>, Katzbachstra\u00dfe 25 (Kreuzberg), Beitr\u00e4ge und Gespr\u00e4ch in Esperanto \u2013 F\u00fcr G\u00e4ste wird res\u00fcmiert bzw. \u00fcbersetzt.<\/p>\n<p>Verkehrsverbindungen: U6, Buslinie 248 \u2013 Platz der Luftbr\u00fccke, Buslinien M43 und 140 \u2013 Dudenstra\u00dfe\/Katzbachstra\u00dfe<\/p>\n<h2 id=\"-dezember-2019-1930-uhr\"><strong>6. <\/strong><strong>M\u00e4rz 2023, <\/strong><strong>19.30 Uhr<\/strong><\/h2>\n<p><strong>\u201eDeutsche Esperanto-Kongresse \u2013 Meilensteine der Geschichte des Deutschen Esperanto-Bundes\u201c<\/strong><\/p>\n<p>In Vorbereitung auf den <a href=\"https:\/\/www.esperanto.de\/de\/dek2023\">100. Deutschen Esperanto-Kongress<\/a> zu Pfingsten 2023 in <a href=\"https:\/\/de.wikipedia.org\/wiki\/Braunschweig\">Braunschweig<\/a> pr\u00e4sentiert Fritz Wollenberg einige ausgew\u00e4hlte deutsche Esperanto-Kongresse wie den Gr\u00fcndungskongress 1906 in Braunschweig, den ersten Nachkriegskongress 1947 in M\u00fcnchen, den Deutsch-Franz\u00f6sischen Esperanto-Kongress 1969 in Stra\u00dfburg und den Kongress in M\u00fcnchen 1991, bei dem sich der <a href=\"https:\/\/de.wikipedia.org\/wiki\/Deutscher_Esperanto-Bund\">DEB<\/a> und der <a href=\"https:\/\/de.wikipedia.org\/wiki\/Esperanto-Verband_im_Kulturbund_der_DDR\">DDR-Esperanto-Verband<\/a> vereinigten.<\/p>\n<p>Zum Treffen: <a href=\"https:\/\/esperanto.berlin\/de\/viktoriapark\/\">Montags am Viktoriapark<\/a><\/p>","protected":false},"excerpt":{"rendered":"<p>Esperanto-Kulturabend im Esperanto-Laden, Katzbachstra\u00dfe 25 (Kreuzberg), Beitr\u00e4ge und Gespr\u00e4ch in Esperanto \u2013 F\u00fcr G\u00e4ste wird res\u00fcmiert bzw. \u00fcbersetzt. Verkehrsverbindungen: U6, Buslinie 248 \u2013 Platz der Luftbr\u00fccke, Buslinien M43 und 140 \u2013 Dudenstra\u00dfe\/Katzbachstra\u00dfe 6. M\u00e4rz 2023, 19.30 Uhr \u201eDeutsche Esperanto-Kongresse \u2013 &hellip; <a href=\"https:\/\/esperanto.berlin\/de\/lunde-ce-viktoriaparko-marto-2023-germanaj-esperanto-kongresoj-mejlostonoj\/\">Weiterlesen <span class=\"meta-nav\">&rarr;<\/span><\/a><\/p>\n","protected":false},"author":3,"featured_media":0,"comment_status":"closed","ping_status":"closed","sticky":false,"template":"","format":"standard","meta":{"footnotes":""},"categories":[411],"tags":[521,522],"jetpack_featured_media_url":"","jetpack_shortlink":"https:\/\/wp.me\/par8jA-2uX","_links":{"self":[{"href":"https:\/\/esperanto.berlin\/de\/wp-json\/wp\/v2\/posts\/9607"}],"collection":[{"href":"https:\/\/esperanto.berlin\/de\/wp-json\/wp\/v2\/posts"}],"about":[{"href":"https:\/\/esperanto.berlin\/de\/wp-json\/wp\/v2\/types\/post"}],"author":[{"embeddable":true,"href":"https:\/\/esperanto.berlin\/de\/wp-json\/wp\/v2\/users\/3"}],"replies":[{"embeddable":true,"href":"https:\/\/esperanto.berlin\/de\/wp-json\/wp\/v2\/comments?post=9607"}],"version-history":[{"count":2,"href":"https:\/\/esperanto.berlin\/de\/wp-json\/wp\/v2\/posts\/9607\/revisions"}],"predecessor-version":[{"id":9610,"href":"https:\/\/esperanto.berlin\/de\/wp-json\/wp\/v2\/posts\/9607\/revisions\/9610"}],"wp:attachment":[{"href":"https:\/\/esperanto.berlin\/de\/wp-json\/wp\/v2\/media?parent=9607"}],"wp:term":[{"taxonomy":"category","embeddable":true,"href":"https:\/\/esperanto.berlin\/de\/wp-json\/wp\/v2\/categories?post=9607"},{"taxonomy":"post_tag","embeddable":true,"href":"https:\/\/esperanto.berlin\/de\/wp-json\/wp\/v2\/tags?post=9607"}],"curies":[{"name":"wp","href":"https:\/\/api.w.org\/{rel}","templated":true}]}}