{"id":9910,"date":"2023-11-26T21:56:26","date_gmt":"2023-11-26T20:56:26","guid":{"rendered":"https:\/\/esperanto.berlin\/?p=9910"},"modified":"2023-11-28T11:42:01","modified_gmt":"2023-11-28T10:42:01","slug":"lunde-ce-viktoriaparko-decembro-2023-gil-kunveno-virtuala-kongreso-de-esperanto-kaj-berlina-zamenhoffesto-rerigardo","status":"publish","type":"post","link":"https:\/\/esperanto.berlin\/de\/lunde-ce-viktoriaparko-decembro-2023-gil-kunveno-virtuala-kongreso-de-esperanto-kaj-berlina-zamenhoffesto-rerigardo\/","title":{"rendered":"Montags am Viktoriapark &#8211; Dezember 2023 &#8211; GIL-Tagung, Virtueller Esperanto-Kongress und Berliner Zamenhoffest im R\u00fcckblick"},"content":{"rendered":"<p><img loading=\"lazy\" decoding=\"async\" class=\"alignnone wp-image-7417\" src=\"https:\/\/esperanto.berlin\/wp-content\/uploads\/2019\/09\/Esperanto-Laden-Katzbachstr-25-k.jpg\" alt=\"\" width=\"210\" height=\"303\" \/><img loading=\"lazy\" decoding=\"async\" class=\"alignnone wp-image-7416\" src=\"https:\/\/esperanto.berlin\/wp-content\/uploads\/2019\/09\/Viktoriapark-2017-k.jpg\" alt=\"\" width=\"384\" height=\"301\" \/><\/p>\n<p>Esperanto-Kulturabend im <a href=\"https:\/\/www.esperanto.de\/de\/enhavo\/der-esperanto-laden-berlin\">Esperanto-Laden<\/a>, Katzbachstra\u00dfe 25 (Kreuzberg), Beitr\u00e4ge und Gespr\u00e4ch in Esperanto \u2013 F\u00fcr G\u00e4ste wird res\u00fcmiert bzw. \u00fcbersetzt.<\/p>\n<p>Verkehrsverbindungen: U6, Buslinie 248 \u2013 Platz der Luftbr\u00fccke, Buslinien M43 und 140 \u2013 Dudenstra\u00dfe\/Katzbachstra\u00dfe<\/p>\n<h2 id=\"-dezember-2019-1930-uhr\"><strong>4. <\/strong><strong>Dezember 2023, <\/strong><strong>19.30 Uhr<\/strong><\/h2>\n<p><strong>\u201eGIL-Tagung, Virtueller Esperanto-Kongresss und Berliner Zamenhoffest im R\u00fcckblick\u201c<\/strong><\/p>\n<p>Wir blicken zur\u00fcck auf die 33. Tagung der Gesellschaft f\u00fcr Interlinguistik zum Thema <em>Plansprachen und Typologie<\/em>, den 4. Virtuellen Esperanto-Kongress des Esperanto-Weltbundes zum Thema: <em>Einwanderung &#8211; Zusammenfluss menschlischer Werte <\/em>und das Berliner Zamenhoffest , allesamt Veranstaltungen im November 2023.<\/p>\n<p>Zum Treffen: <a href=\"https:\/\/esperanto.berlin\/de\/viktoriapark\/\">Montags am Viktoriapark<\/a><\/p>","protected":false},"excerpt":{"rendered":"<p>Esperanto-Kulturabend im Esperanto-Laden, Katzbachstra\u00dfe 25 (Kreuzberg), Beitr\u00e4ge und Gespr\u00e4ch in Esperanto \u2013 F\u00fcr G\u00e4ste wird res\u00fcmiert bzw. \u00fcbersetzt. Verkehrsverbindungen: U6, Buslinie 248 \u2013 Platz der Luftbr\u00fccke, Buslinien M43 und 140 \u2013 Dudenstra\u00dfe\/Katzbachstra\u00dfe 4. Dezember 2023, 19.30 Uhr \u201eGIL-Tagung, Virtueller Esperanto-Kongresss &hellip; <a href=\"https:\/\/esperanto.berlin\/de\/lunde-ce-viktoriaparko-decembro-2023-gil-kunveno-virtuala-kongreso-de-esperanto-kaj-berlina-zamenhoffesto-rerigardo\/\">Weiterlesen <span class=\"meta-nav\">&rarr;<\/span><\/a><\/p>\n","protected":false},"author":3,"featured_media":0,"comment_status":"closed","ping_status":"closed","sticky":false,"template":"","format":"standard","meta":{"footnotes":""},"categories":[411],"tags":[532,533,534],"jetpack_featured_media_url":"","jetpack_shortlink":"https:\/\/wp.me\/par8jA-2zQ","_links":{"self":[{"href":"https:\/\/esperanto.berlin\/de\/wp-json\/wp\/v2\/posts\/9910"}],"collection":[{"href":"https:\/\/esperanto.berlin\/de\/wp-json\/wp\/v2\/posts"}],"about":[{"href":"https:\/\/esperanto.berlin\/de\/wp-json\/wp\/v2\/types\/post"}],"author":[{"embeddable":true,"href":"https:\/\/esperanto.berlin\/de\/wp-json\/wp\/v2\/users\/3"}],"replies":[{"embeddable":true,"href":"https:\/\/esperanto.berlin\/de\/wp-json\/wp\/v2\/comments?post=9910"}],"version-history":[{"count":3,"href":"https:\/\/esperanto.berlin\/de\/wp-json\/wp\/v2\/posts\/9910\/revisions"}],"predecessor-version":[{"id":9915,"href":"https:\/\/esperanto.berlin\/de\/wp-json\/wp\/v2\/posts\/9910\/revisions\/9915"}],"wp:attachment":[{"href":"https:\/\/esperanto.berlin\/de\/wp-json\/wp\/v2\/media?parent=9910"}],"wp:term":[{"taxonomy":"category","embeddable":true,"href":"https:\/\/esperanto.berlin\/de\/wp-json\/wp\/v2\/categories?post=9910"},{"taxonomy":"post_tag","embeddable":true,"href":"https:\/\/esperanto.berlin\/de\/wp-json\/wp\/v2\/tags?post=9910"}],"curies":[{"name":"wp","href":"https:\/\/api.w.org\/{rel}","templated":true}]}}